{"id":200,"date":"2015-08-25T12:29:33","date_gmt":"2015-08-25T12:29:33","guid":{"rendered":"http:\/\/wtzkalkow-godow.pl\/?p=200"},"modified":"2015-10-02T11:22:39","modified_gmt":"2015-10-02T11:22:39","slug":"air-show-2015-w-radomiu","status":"publish","type":"post","link":"https:\/\/wtzkalkow-godow.pl\/?p=200","title":{"rendered":",,AIR SHOW 2015 &#8221; w RADOMIU"},"content":{"rendered":"<p style=\"text-align: justify;\"><a href=\"http:\/\/wtzkalkow-godow.pl\/wp-content\/uploads\/2015\/08\/DSC_0447.jpg\"><img loading=\"lazy\" class=\"aligncenter size-medium wp-image-338\" src=\"http:\/\/wtzkalkow-godow.pl\/wp-content\/uploads\/2015\/08\/DSC_0447-300x200.jpg\" alt=\"DSC_0447\" width=\"300\" height=\"200\" srcset=\"https:\/\/wtzkalkow-godow.pl\/wp-content\/uploads\/2015\/08\/DSC_0447-300x200.jpg 300w, https:\/\/wtzkalkow-godow.pl\/wp-content\/uploads\/2015\/08\/DSC_0447.jpg 640w\" sizes=\"(max-width: 300px) 100vw, 300px\" \/><\/a>W niedziel\u0119 (23 sierpnia) uczestnicy naszego warsztatu wraz z opiekunami brali udzia\u0142 w &#8222;Air Show&#8221; w Radomiu. By\u0142 to drugi dzie\u0144 pokaz\u00f3w, gdzie z\u00a0 zainteresowaniem \u015bledzili\u015bmy podniebne ewolucje m.in. pokaz rodzimego zespo\u0142u akrobacyjnego Orlik. Air Show to najwi\u0119ksza impreza Lotnicza w kraju. Odbywa\u0142a si\u0119 po raz czternasty. Pokazy zako\u0144czy\u0142y si\u0119 po godz. 19.<\/p>\n<p style=\"text-align: left;\"><!--more--><\/p>\n<div id='gallery-1' class='gallery galleryid-200 gallery-columns-3 gallery-size-thumbnail'><figure class='gallery-item'>\n\t\t\t<div class='gallery-icon landscape'>\n\t\t\t\t<a href='https:\/\/wtzkalkow-godow.pl\/?attachment_id=344'><img width=\"150\" height=\"150\" src=\"https:\/\/wtzkalkow-godow.pl\/wp-content\/uploads\/2015\/08\/DSC_0432-150x150.jpg\" class=\"attachment-thumbnail size-thumbnail\" alt=\"\" loading=\"lazy\" \/><\/a>\n\t\t\t<\/div><\/figure><figure class='gallery-item'>\n\t\t\t<div class='gallery-icon landscape'>\n\t\t\t\t<a href='https:\/\/wtzkalkow-godow.pl\/?attachment_id=343'><img width=\"150\" height=\"150\" src=\"https:\/\/wtzkalkow-godow.pl\/wp-content\/uploads\/2015\/08\/DSC_0434-150x150.jpg\" class=\"attachment-thumbnail size-thumbnail\" alt=\"\" loading=\"lazy\" \/><\/a>\n\t\t\t<\/div><\/figure><figure class='gallery-item'>\n\t\t\t<div class='gallery-icon landscape'>\n\t\t\t\t<a href='https:\/\/wtzkalkow-godow.pl\/?attachment_id=342'><img width=\"150\" height=\"150\" src=\"https:\/\/wtzkalkow-godow.pl\/wp-content\/uploads\/2015\/08\/DSC_0412-150x150.jpg\" class=\"attachment-thumbnail size-thumbnail\" alt=\"\" loading=\"lazy\" \/><\/a>\n\t\t\t<\/div><\/figure><figure class='gallery-item'>\n\t\t\t<div class='gallery-icon landscape'>\n\t\t\t\t<a href='https:\/\/wtzkalkow-godow.pl\/?attachment_id=341'><img width=\"150\" height=\"150\" src=\"https:\/\/wtzkalkow-godow.pl\/wp-content\/uploads\/2015\/08\/DSC_0395-150x150.jpg\" class=\"attachment-thumbnail size-thumbnail\" alt=\"\" loading=\"lazy\" \/><\/a>\n\t\t\t<\/div><\/figure><figure class='gallery-item'>\n\t\t\t<div class='gallery-icon landscape'>\n\t\t\t\t<a href='https:\/\/wtzkalkow-godow.pl\/?attachment_id=340'><img width=\"150\" height=\"150\" src=\"https:\/\/wtzkalkow-godow.pl\/wp-content\/uploads\/2015\/08\/DSC_0385-150x150.jpg\" class=\"attachment-thumbnail size-thumbnail\" alt=\"\" loading=\"lazy\" \/><\/a>\n\t\t\t<\/div><\/figure><figure class='gallery-item'>\n\t\t\t<div class='gallery-icon landscape'>\n\t\t\t\t<a href='https:\/\/wtzkalkow-godow.pl\/?attachment_id=339'><img width=\"150\" height=\"150\" src=\"https:\/\/wtzkalkow-godow.pl\/wp-content\/uploads\/2015\/08\/DSC_0334-150x150.jpg\" class=\"attachment-thumbnail size-thumbnail\" alt=\"\" loading=\"lazy\" \/><\/a>\n\t\t\t<\/div><\/figure>\n\t\t<\/div>\n\n","protected":false},"excerpt":{"rendered":"<p>W niedziel\u0119 (23 sierpnia) uczestnicy naszego warsztatu wraz z opiekunami brali udzia\u0142 w &#8222;Air Show&#8221; w Radomiu. By\u0142 to drugi dzie\u0144 pokaz\u00f3w, gdzie z\u00a0 zainteresowaniem<\/p>\n","protected":false},"author":1,"featured_media":0,"comment_status":"open","ping_status":"open","sticky":false,"template":"","format":"standard","meta":[],"categories":[1],"tags":[],"_links":{"self":[{"href":"https:\/\/wtzkalkow-godow.pl\/index.php?rest_route=\/wp\/v2\/posts\/200"}],"collection":[{"href":"https:\/\/wtzkalkow-godow.pl\/index.php?rest_route=\/wp\/v2\/posts"}],"about":[{"href":"https:\/\/wtzkalkow-godow.pl\/index.php?rest_route=\/wp\/v2\/types\/post"}],"author":[{"embeddable":true,"href":"https:\/\/wtzkalkow-godow.pl\/index.php?rest_route=\/wp\/v2\/users\/1"}],"replies":[{"embeddable":true,"href":"https:\/\/wtzkalkow-godow.pl\/index.php?rest_route=%2Fwp%2Fv2%2Fcomments&post=200"}],"version-history":[{"count":6,"href":"https:\/\/wtzkalkow-godow.pl\/index.php?rest_route=\/wp\/v2\/posts\/200\/revisions"}],"predecessor-version":[{"id":346,"href":"https:\/\/wtzkalkow-godow.pl\/index.php?rest_route=\/wp\/v2\/posts\/200\/revisions\/346"}],"wp:attachment":[{"href":"https:\/\/wtzkalkow-godow.pl\/index.php?rest_route=%2Fwp%2Fv2%2Fmedia&parent=200"}],"wp:term":[{"taxonomy":"category","embeddable":true,"href":"https:\/\/wtzkalkow-godow.pl\/index.php?rest_route=%2Fwp%2Fv2%2Fcategories&post=200"},{"taxonomy":"post_tag","embeddable":true,"href":"https:\/\/wtzkalkow-godow.pl\/index.php?rest_route=%2Fwp%2Fv2%2Ftags&post=200"}],"curies":[{"name":"wp","href":"https:\/\/api.w.org\/{rel}","templated":true}]}}