{"id":2018,"date":"2020-03-11T08:07:26","date_gmt":"2020-03-11T08:07:26","guid":{"rendered":"http:\/\/wtzkalkow-godow.pl\/?p=2018"},"modified":"2020-08-20T08:09:52","modified_gmt":"2020-08-20T08:09:52","slug":"zawieszenie-zajec","status":"publish","type":"post","link":"https:\/\/wtzkalkow-godow.pl\/?p=2018","title":{"rendered":"Zawieszenie zaj\u0119\u0107"},"content":{"rendered":"<p>Informujemy, i\u017c w zwi\u0105zku z zapobieganiem rozprzestrzenia si\u0119 koronawirusa, zaj\u0119cia terapeutyczne w Warsztacie Terapii Zaj\u0119ciowej w Ka\u0142kowie &#8211; Godowie zostaj\u0105 zawieszone w dniach <strong>12-25 marca<\/strong> 2020 roku. O ewentualnych zmianach b\u0119dziemy informowa\u0107 na bie\u017c\u0105co<span class=\"_5mfr\"><span class=\"_6qdm\">\u2757<\/span><\/span><\/p>\n","protected":false},"excerpt":{"rendered":"<p>Informujemy, i\u017c w zwi\u0105zku z zapobieganiem rozprzestrzenia si\u0119 koronawirusa, zaj\u0119cia terapeutyczne w Warsztacie Terapii Zaj\u0119ciowej w Ka\u0142kowie &#8211; Godowie zostaj\u0105 zawieszone w dniach 12-25 marca<\/p>\n","protected":false},"author":1,"featured_media":0,"comment_status":"closed","ping_status":"open","sticky":false,"template":"","format":"standard","meta":[],"categories":[1],"tags":[],"_links":{"self":[{"href":"https:\/\/wtzkalkow-godow.pl\/index.php?rest_route=\/wp\/v2\/posts\/2018"}],"collection":[{"href":"https:\/\/wtzkalkow-godow.pl\/index.php?rest_route=\/wp\/v2\/posts"}],"about":[{"href":"https:\/\/wtzkalkow-godow.pl\/index.php?rest_route=\/wp\/v2\/types\/post"}],"author":[{"embeddable":true,"href":"https:\/\/wtzkalkow-godow.pl\/index.php?rest_route=\/wp\/v2\/users\/1"}],"replies":[{"embeddable":true,"href":"https:\/\/wtzkalkow-godow.pl\/index.php?rest_route=%2Fwp%2Fv2%2Fcomments&post=2018"}],"version-history":[{"count":2,"href":"https:\/\/wtzkalkow-godow.pl\/index.php?rest_route=\/wp\/v2\/posts\/2018\/revisions"}],"predecessor-version":[{"id":2020,"href":"https:\/\/wtzkalkow-godow.pl\/index.php?rest_route=\/wp\/v2\/posts\/2018\/revisions\/2020"}],"wp:attachment":[{"href":"https:\/\/wtzkalkow-godow.pl\/index.php?rest_route=%2Fwp%2Fv2%2Fmedia&parent=2018"}],"wp:term":[{"taxonomy":"category","embeddable":true,"href":"https:\/\/wtzkalkow-godow.pl\/index.php?rest_route=%2Fwp%2Fv2%2Fcategories&post=2018"},{"taxonomy":"post_tag","embeddable":true,"href":"https:\/\/wtzkalkow-godow.pl\/index.php?rest_route=%2Fwp%2Fv2%2Ftags&post=2018"}],"curies":[{"name":"wp","href":"https:\/\/api.w.org\/{rel}","templated":true}]}}