{"id":2918,"date":"2025-06-04T12:09:28","date_gmt":"2025-06-04T12:09:28","guid":{"rendered":"https:\/\/wtzkalkow-godow.pl\/?p=2918"},"modified":"2025-06-04T12:09:28","modified_gmt":"2025-06-04T12:09:28","slug":"v-zawody-splawikowe-dla-osob-niepelnosprawnych","status":"publish","type":"post","link":"https:\/\/wtzkalkow-godow.pl\/?p=2918","title":{"rendered":"V Zawody Sp\u0142awikowe dla Os\u00f3b Niepe\u0142nosprawnych"},"content":{"rendered":"<p><a href=\"http:\/\/wtzkalkow-godow.pl\/wp-content\/uploads\/2025\/06\/9.jpg\"><img loading=\"lazy\" class=\"alignleft size-thumbnail wp-image-2924\" src=\"http:\/\/wtzkalkow-godow.pl\/wp-content\/uploads\/2025\/06\/9-150x150.jpg\" alt=\"\" width=\"150\" height=\"150\" \/><\/a>W dniu 3 czerwca uczestnicy Dawid i Piotr, wzi\u0119li udzia\u0142 w V Zawodach Sp\u0142awikowych dla Os\u00f3b Niepe\u0142nosprawnych, Uczestnik\u00f3w Warsztat\u00f3w Terapii Zaj\u0119ciowej. Organizatorem spotkania by\u0142o Ko\u0142o PZW Ostrowiec- Miasto oraz <span class=\"html-span xdj266r x11i5rnm xat24cr x1mh8g0r xexx8yu x4uap5 x18d9i69 xkhd6sd x1hl2dhg x16tdsg8 x1vvkbs\"><a class=\"x1i10hfl xjbqb8w x1ejq31n xd10rxx x1sy0etr x17r0tee x972fbf xcfux6l x1qhh985 xm0m39n x9f619 x1ypdohk xt0psk2 xe8uvvx xdj266r x11i5rnm xat24cr x1mh8g0r xexx8yu x4uap5 x18d9i69 xkhd6sd x16tdsg8 x1hl2dhg xggy1nq x1a2a7pz xkrqix3 x1sur9pj x1fey0fg x1s688f\" tabindex=\"0\" role=\"link\" href=\"https:\/\/www.facebook.com\/szansaostrowiec?__cft__[0]=AZXWHx1kKmalhc9THKNW7W7giajcKw6Oged3MIeXGhdsUbS3zumE8BUxzWdblJvTNn2iE4NU_vKG4mVlbXeGYLhNcL4kv_uXwATUtOI6aKUh4bx0hsfXIfsCWTm_haZrEcswQpI3yTvJIjqYb-Uxl01C&amp;__tn__=-]K-R\"><span class=\"xt0psk2\"><span class=\"xjp7ctv\"><span style=\"color: #000000;\">Stowarzyszenie na rzecz Warsztatu Terapii Zaj\u0119ciowej &#8222;Szansa<\/span>&#8222;<\/span><\/span><\/a><\/span>.<!--more--><\/p>\n<p>Zawody odby\u0142y si\u0119 na zbiorniku w Parku Miejskim w Ostrowcu \u015aw. W w\u0119dkarskie szranki stan\u0119\u0142o 20 zawodnik\u00f3w z plac\u00f3wek naszego regionu. Po godzinnych przygotowaniach rozpocz\u0119\u0142y si\u0119 zmagania indywidualne, trwaj\u0105ce dwie godziny. O zwyci\u0119stwie decydowa\u0142a waga z\u0142owionych ryb. Do dru\u017cynowej konkurencji do\u0142\u0105czyli opiekunowie, \u0142owi\u0105cy przez 1 godzin\u0119. Nasi uczestnicy zaj\u0119li 4. i 9. miejsce! Gratulujemy!<\/p>\n<p><a href=\"http:\/\/wtzkalkow-godow.pl\/wp-content\/uploads\/2025\/06\/2-1.jpg\"><img loading=\"lazy\" class=\"alignleft size-thumbnail wp-image-2920\" src=\"http:\/\/wtzkalkow-godow.pl\/wp-content\/uploads\/2025\/06\/2-1-150x150.jpg\" alt=\"\" width=\"150\" height=\"150\" \/><\/a><a href=\"http:\/\/wtzkalkow-godow.pl\/wp-content\/uploads\/2025\/06\/5-1.jpg\"><img loading=\"lazy\" class=\"alignleft size-thumbnail wp-image-2922\" src=\"http:\/\/wtzkalkow-godow.pl\/wp-content\/uploads\/2025\/06\/5-1-150x150.jpg\" alt=\"\" width=\"150\" height=\"150\" \/><\/a><a href=\"http:\/\/wtzkalkow-godow.pl\/wp-content\/uploads\/2025\/06\/3-1.jpg\"><img loading=\"lazy\" class=\"alignleft size-thumbnail wp-image-2921\" src=\"http:\/\/wtzkalkow-godow.pl\/wp-content\/uploads\/2025\/06\/3-1-150x150.jpg\" alt=\"\" width=\"150\" height=\"150\" \/><\/a><a href=\"http:\/\/wtzkalkow-godow.pl\/wp-content\/uploads\/2025\/06\/1-1.jpg\"><img loading=\"lazy\" class=\"alignleft size-thumbnail wp-image-2919\" src=\"http:\/\/wtzkalkow-godow.pl\/wp-content\/uploads\/2025\/06\/1-1-150x150.jpg\" alt=\"\" width=\"150\" height=\"150\" \/><\/a><\/p>\n<p>&nbsp;<\/p>\n","protected":false},"excerpt":{"rendered":"<p>W dniu 3 czerwca uczestnicy Dawid i Piotr, wzi\u0119li udzia\u0142 w V Zawodach Sp\u0142awikowych dla Os\u00f3b Niepe\u0142nosprawnych, Uczestnik\u00f3w Warsztat\u00f3w Terapii Zaj\u0119ciowej. Organizatorem spotkania by\u0142o Ko\u0142o<\/p>\n","protected":false},"author":1,"featured_media":2924,"comment_status":"closed","ping_status":"open","sticky":false,"template":"","format":"standard","meta":[],"categories":[1],"tags":[],"_links":{"self":[{"href":"https:\/\/wtzkalkow-godow.pl\/index.php?rest_route=\/wp\/v2\/posts\/2918"}],"collection":[{"href":"https:\/\/wtzkalkow-godow.pl\/index.php?rest_route=\/wp\/v2\/posts"}],"about":[{"href":"https:\/\/wtzkalkow-godow.pl\/index.php?rest_route=\/wp\/v2\/types\/post"}],"author":[{"embeddable":true,"href":"https:\/\/wtzkalkow-godow.pl\/index.php?rest_route=\/wp\/v2\/users\/1"}],"replies":[{"embeddable":true,"href":"https:\/\/wtzkalkow-godow.pl\/index.php?rest_route=%2Fwp%2Fv2%2Fcomments&post=2918"}],"version-history":[{"count":1,"href":"https:\/\/wtzkalkow-godow.pl\/index.php?rest_route=\/wp\/v2\/posts\/2918\/revisions"}],"predecessor-version":[{"id":2925,"href":"https:\/\/wtzkalkow-godow.pl\/index.php?rest_route=\/wp\/v2\/posts\/2918\/revisions\/2925"}],"wp:featuredmedia":[{"embeddable":true,"href":"https:\/\/wtzkalkow-godow.pl\/index.php?rest_route=\/wp\/v2\/media\/2924"}],"wp:attachment":[{"href":"https:\/\/wtzkalkow-godow.pl\/index.php?rest_route=%2Fwp%2Fv2%2Fmedia&parent=2918"}],"wp:term":[{"taxonomy":"category","embeddable":true,"href":"https:\/\/wtzkalkow-godow.pl\/index.php?rest_route=%2Fwp%2Fv2%2Fcategories&post=2918"},{"taxonomy":"post_tag","embeddable":true,"href":"https:\/\/wtzkalkow-godow.pl\/index.php?rest_route=%2Fwp%2Fv2%2Ftags&post=2918"}],"curies":[{"name":"wp","href":"https:\/\/api.w.org\/{rel}","templated":true}]}}