{"id":2943,"date":"2025-07-04T07:10:50","date_gmt":"2025-07-04T07:10:50","guid":{"rendered":"https:\/\/wtzkalkow-godow.pl\/?p=2943"},"modified":"2025-07-04T07:10:50","modified_gmt":"2025-07-04T07:10:50","slug":"x-przeglad-piosenki-sedek","status":"publish","type":"post","link":"https:\/\/wtzkalkow-godow.pl\/?p=2943","title":{"rendered":"X Przegl\u0105d Piosenki- S\u0119dek"},"content":{"rendered":"<p><a href=\"http:\/\/wtzkalkow-godow.pl\/wp-content\/uploads\/2025\/07\/99.jpg\"><img loading=\"lazy\" class=\"alignleft size-thumbnail wp-image-2952\" src=\"http:\/\/wtzkalkow-godow.pl\/wp-content\/uploads\/2025\/07\/99-150x150.jpg\" alt=\"\" width=\"150\" height=\"150\" \/><\/a>Dnia 3 lipca\u00a0 grupa naszych podopiecznych uczestniczy\u0142a w X Przegl\u0105dzie Piosenki\u00a0 \u00a0&#8222;\u015apiewa\u0107 ka\u017cdy mo\u017ce&#8230;&#8221; w S\u0119dku.<!--more--><\/p>\n<p>Tegorocznym tematem by\u0142y piosenki o pogodzie i porach roku. Nasi podopieczni wykonali dwa utwory -&#8222;Tyle s\u0142o\u0144ca w ca\u0142ym mie\u015bcie&#8221; oraz &#8222;Zawsze z Tob\u0105 chcia\u0142bym by\u0107&#8221;. Wszystkie zaproszone zespo\u0142y otrzyma\u0142y nagrody, a po pysznym pocz\u0119stunku odby\u0142a si\u0119 wsp\u00f3lna zabawa przy koncercie zespo\u0142u EGO.<\/p>\n<p><a href=\"http:\/\/wtzkalkow-godow.pl\/wp-content\/uploads\/2025\/07\/2-2.jpg\"><img loading=\"lazy\" class=\"alignleft size-thumbnail wp-image-2951\" src=\"http:\/\/wtzkalkow-godow.pl\/wp-content\/uploads\/2025\/07\/2-2-150x150.jpg\" alt=\"\" width=\"150\" height=\"150\" \/><\/a><a href=\"http:\/\/wtzkalkow-godow.pl\/wp-content\/uploads\/2025\/07\/44-1.jpg\"><img loading=\"lazy\" class=\"alignleft size-thumbnail wp-image-2950\" src=\"http:\/\/wtzkalkow-godow.pl\/wp-content\/uploads\/2025\/07\/44-1-150x150.jpg\" alt=\"\" width=\"150\" height=\"150\" \/><\/a><a href=\"http:\/\/wtzkalkow-godow.pl\/wp-content\/uploads\/2025\/07\/7-1.jpg\"><img loading=\"lazy\" class=\"alignleft size-thumbnail wp-image-2949\" src=\"http:\/\/wtzkalkow-godow.pl\/wp-content\/uploads\/2025\/07\/7-1-150x150.jpg\" alt=\"\" width=\"150\" height=\"150\" \/><\/a><a href=\"http:\/\/wtzkalkow-godow.pl\/wp-content\/uploads\/2025\/07\/5-2.jpg\"><img loading=\"lazy\" class=\"alignleft size-thumbnail wp-image-2948\" src=\"http:\/\/wtzkalkow-godow.pl\/wp-content\/uploads\/2025\/07\/5-2-150x150.jpg\" alt=\"\" width=\"150\" height=\"150\" \/><\/a><a href=\"http:\/\/wtzkalkow-godow.pl\/wp-content\/uploads\/2025\/07\/3-1.jpg\"><img loading=\"lazy\" class=\"alignleft size-thumbnail wp-image-2947\" src=\"http:\/\/wtzkalkow-godow.pl\/wp-content\/uploads\/2025\/07\/3-1-150x150.jpg\" alt=\"\" width=\"150\" height=\"150\" \/><\/a><a href=\"http:\/\/wtzkalkow-godow.pl\/wp-content\/uploads\/2025\/07\/2-1.jpg\"><img loading=\"lazy\" class=\"alignleft size-thumbnail wp-image-2946\" src=\"http:\/\/wtzkalkow-godow.pl\/wp-content\/uploads\/2025\/07\/2-1-150x150.jpg\" alt=\"\" width=\"150\" height=\"150\" \/><\/a><a href=\"http:\/\/wtzkalkow-godow.pl\/wp-content\/uploads\/2025\/07\/0.jpg\"><img loading=\"lazy\" class=\"alignleft size-thumbnail wp-image-2944\" src=\"http:\/\/wtzkalkow-godow.pl\/wp-content\/uploads\/2025\/07\/0-150x150.jpg\" alt=\"\" width=\"150\" height=\"150\" \/><\/a><a href=\"http:\/\/wtzkalkow-godow.pl\/wp-content\/uploads\/2025\/07\/99.jpg\"><img loading=\"lazy\" class=\"alignleft size-thumbnail wp-image-2952\" src=\"http:\/\/wtzkalkow-godow.pl\/wp-content\/uploads\/2025\/07\/99-150x150.jpg\" alt=\"\" width=\"150\" height=\"150\" \/><\/a><\/p>\n","protected":false},"excerpt":{"rendered":"<p>Dnia 3 lipca\u00a0 grupa naszych podopiecznych uczestniczy\u0142a w X Przegl\u0105dzie Piosenki\u00a0 \u00a0&#8222;\u015apiewa\u0107 ka\u017cdy mo\u017ce&#8230;&#8221; w S\u0119dku.<\/p>\n","protected":false},"author":1,"featured_media":2952,"comment_status":"closed","ping_status":"open","sticky":false,"template":"","format":"standard","meta":[],"categories":[1],"tags":[],"_links":{"self":[{"href":"https:\/\/wtzkalkow-godow.pl\/index.php?rest_route=\/wp\/v2\/posts\/2943"}],"collection":[{"href":"https:\/\/wtzkalkow-godow.pl\/index.php?rest_route=\/wp\/v2\/posts"}],"about":[{"href":"https:\/\/wtzkalkow-godow.pl\/index.php?rest_route=\/wp\/v2\/types\/post"}],"author":[{"embeddable":true,"href":"https:\/\/wtzkalkow-godow.pl\/index.php?rest_route=\/wp\/v2\/users\/1"}],"replies":[{"embeddable":true,"href":"https:\/\/wtzkalkow-godow.pl\/index.php?rest_route=%2Fwp%2Fv2%2Fcomments&post=2943"}],"version-history":[{"count":1,"href":"https:\/\/wtzkalkow-godow.pl\/index.php?rest_route=\/wp\/v2\/posts\/2943\/revisions"}],"predecessor-version":[{"id":2953,"href":"https:\/\/wtzkalkow-godow.pl\/index.php?rest_route=\/wp\/v2\/posts\/2943\/revisions\/2953"}],"wp:featuredmedia":[{"embeddable":true,"href":"https:\/\/wtzkalkow-godow.pl\/index.php?rest_route=\/wp\/v2\/media\/2952"}],"wp:attachment":[{"href":"https:\/\/wtzkalkow-godow.pl\/index.php?rest_route=%2Fwp%2Fv2%2Fmedia&parent=2943"}],"wp:term":[{"taxonomy":"category","embeddable":true,"href":"https:\/\/wtzkalkow-godow.pl\/index.php?rest_route=%2Fwp%2Fv2%2Fcategories&post=2943"},{"taxonomy":"post_tag","embeddable":true,"href":"https:\/\/wtzkalkow-godow.pl\/index.php?rest_route=%2Fwp%2Fv2%2Ftags&post=2943"}],"curies":[{"name":"wp","href":"https:\/\/api.w.org\/{rel}","templated":true}]}}