{"id":453,"date":"2014-10-23T07:32:33","date_gmt":"2014-10-23T07:32:33","guid":{"rendered":"http:\/\/wtzkalkow-godow.pl\/?p=453"},"modified":"2015-10-16T07:36:17","modified_gmt":"2015-10-16T07:36:17","slug":"urodziny-ksiedza-czeslawa-wali","status":"publish","type":"post","link":"https:\/\/wtzkalkow-godow.pl\/?p=453","title":{"rendered":"Urodziny Ksi\u0119dza Czes\u0142awa Wali"},"content":{"rendered":"<p style=\"text-align: justify;\"><a href=\"http:\/\/wtzkalkow-godow.pl\/wp-content\/uploads\/2015\/10\/DSC_0442.jpg\"><img loading=\"lazy\" class=\"aligncenter size-medium wp-image-454\" src=\"http:\/\/wtzkalkow-godow.pl\/wp-content\/uploads\/2015\/10\/DSC_0442-300x200.jpg\" alt=\"DSC_0442\" width=\"300\" height=\"200\" srcset=\"https:\/\/wtzkalkow-godow.pl\/wp-content\/uploads\/2015\/10\/DSC_0442-300x200.jpg 300w, https:\/\/wtzkalkow-godow.pl\/wp-content\/uploads\/2015\/10\/DSC_0442.jpg 640w\" sizes=\"(max-width: 300px) 100vw, 300px\" \/><\/a>Dnia 23.10.2014 roku \u015awi\u0105tynia Sanktuaryjna przybra\u0142a \u015bwi\u0105teczny nastr\u00f3j, gdy\u017c ksi\u0105dz Infu\u0142at Czes\u0142aw Wala &#8211; za\u0142o\u017cyciel naszego warsztatu obchodzi\u0142 swoje urodziny. Z tej okazji przyby\u0142 do naszego Sanktuarium, by u st\u00f3p Matki Bo\u017cej \u015awi\u0119tokrzyskiej celebrowa\u0107 Naj\u015bwi\u0119tsz\u0105 Ofiar\u0119. Uroczysto\u015b\u0107 ta sprawi\u0142a, \u017ce zar\u00f3wno o\u0142tarz jak i osob\u0119 zacnego solenizanta otoczy\u0142a rzesza wdzi\u0119cznych serc. W tej grupie znale\u017ali si\u0119 r\u00f3wnie\u017c uczestnicy i pracownicy naszego warsztatu, kt\u00f3rzy z\u0142o\u017cyli serdeczne \u017cyczenia i wyrazili swoj\u0105 wdzi\u0119czno\u015b\u0107 i przywi\u0105zanie do osoby Jubilata.<br \/>\n<strong>Ksi\u0119dzu Infu\u0142atowi Czes\u0142awowi Wali \u017cyczymy wielu owocnych lat \u017cycia w zdrowiu i \u0141asce Bo\u017cej oraz opieki Matki Bo\u017cej Bolesnej Pani Ziemi \u015awi\u0119tokrzyskiej.<\/strong><\/p>\n","protected":false},"excerpt":{"rendered":"<p>Dnia 23.10.2014 roku \u015awi\u0105tynia Sanktuaryjna przybra\u0142a \u015bwi\u0105teczny nastr\u00f3j, gdy\u017c ksi\u0105dz Infu\u0142at Czes\u0142aw Wala &#8211; za\u0142o\u017cyciel naszego warsztatu obchodzi\u0142 swoje urodziny. Z tej okazji przyby\u0142 do<\/p>\n","protected":false},"author":1,"featured_media":0,"comment_status":"open","ping_status":"open","sticky":false,"template":"","format":"standard","meta":[],"categories":[1],"tags":[],"_links":{"self":[{"href":"https:\/\/wtzkalkow-godow.pl\/index.php?rest_route=\/wp\/v2\/posts\/453"}],"collection":[{"href":"https:\/\/wtzkalkow-godow.pl\/index.php?rest_route=\/wp\/v2\/posts"}],"about":[{"href":"https:\/\/wtzkalkow-godow.pl\/index.php?rest_route=\/wp\/v2\/types\/post"}],"author":[{"embeddable":true,"href":"https:\/\/wtzkalkow-godow.pl\/index.php?rest_route=\/wp\/v2\/users\/1"}],"replies":[{"embeddable":true,"href":"https:\/\/wtzkalkow-godow.pl\/index.php?rest_route=%2Fwp%2Fv2%2Fcomments&post=453"}],"version-history":[{"count":1,"href":"https:\/\/wtzkalkow-godow.pl\/index.php?rest_route=\/wp\/v2\/posts\/453\/revisions"}],"predecessor-version":[{"id":455,"href":"https:\/\/wtzkalkow-godow.pl\/index.php?rest_route=\/wp\/v2\/posts\/453\/revisions\/455"}],"wp:attachment":[{"href":"https:\/\/wtzkalkow-godow.pl\/index.php?rest_route=%2Fwp%2Fv2%2Fmedia&parent=453"}],"wp:term":[{"taxonomy":"category","embeddable":true,"href":"https:\/\/wtzkalkow-godow.pl\/index.php?rest_route=%2Fwp%2Fv2%2Fcategories&post=453"},{"taxonomy":"post_tag","embeddable":true,"href":"https:\/\/wtzkalkow-godow.pl\/index.php?rest_route=%2Fwp%2Fv2%2Ftags&post=453"}],"curies":[{"name":"wp","href":"https:\/\/api.w.org\/{rel}","templated":true}]}}