{"id":463,"date":"2014-10-06T07:48:02","date_gmt":"2014-10-06T07:48:02","guid":{"rendered":"http:\/\/wtzkalkow-godow.pl\/?p=463"},"modified":"2015-10-16T07:53:10","modified_gmt":"2015-10-16T07:53:10","slug":"i-festiwal-radosci-w-starachowicach","status":"publish","type":"post","link":"https:\/\/wtzkalkow-godow.pl\/?p=463","title":{"rendered":"I Festiwal Rado\u015bci w Starachowicach"},"content":{"rendered":"<p style=\"text-align: justify;\"><a href=\"http:\/\/wtzkalkow-godow.pl\/wp-content\/uploads\/2015\/10\/P1250061.jpg\"><img loading=\"lazy\" class=\"aligncenter size-medium wp-image-464\" src=\"http:\/\/wtzkalkow-godow.pl\/wp-content\/uploads\/2015\/10\/P1250061-300x225.jpg\" alt=\"P1250061\" width=\"300\" height=\"225\" srcset=\"https:\/\/wtzkalkow-godow.pl\/wp-content\/uploads\/2015\/10\/P1250061-300x225.jpg 300w, https:\/\/wtzkalkow-godow.pl\/wp-content\/uploads\/2015\/10\/P1250061.jpg 640w\" sizes=\"(max-width: 300px) 100vw, 300px\" \/><\/a>Dnia 6 pa\u017adziernika 2014r. odby\u0142 si\u0119 <strong>I Festiwal Rado\u015bci w Kinie Kot\u0142ownia Muzeum Przyrody i Techniki w Starachowicach pod nazw\u0105 \u201eKolorowy zawr\u00f3t g\u0142owy, czyli moda bez barier\u201d.<\/strong> Organizatorem zabawy by\u0142a Fundacja ,,Nasze zdrowie\u201d i Powiatowy Zak\u0142ad Opieki Zdrowotnej w Starachowicach. W Festiwalu udzia\u0142 wzi\u0119li: Reprezentanci T\u0119czowej Pracowni, kt\u00f3ra dzia\u0142a przy O\u015brodku Rehabilitacji Dziennej dla Dzieci w starachowickim szpitalu, nasz WTZ, WTZ ze Starachowic, Powiatowy Zak\u0142ad Aktywno\u015bci Zawodowej, Specjalny O\u015brodek Szkolno-Wychowawczy oraz uczniowie Spo\u0142ecznej Szko\u0142y Podstawowej. Nasz warsztat reprezentowali uczestnicy: Wr\u00f3bel Aneta, Jerzy Janicki oraz Piotr Dyk, kt\u00f3rego obrazy mo\u017cna by\u0142o podziwia\u0107 w trakcie ca\u0142ej imprezy.<br \/>\nPodczas festiwalu by\u0142 kolorowy pokaz mody, <strong>wystawa plastyczna Piotra Dyka &#8211; Uczestnika naszego WTZ<\/strong>, koncert piosenek optymistycznych i inne niespodzianki.<\/p>\n","protected":false},"excerpt":{"rendered":"<p>Dnia 6 pa\u017adziernika 2014r. odby\u0142 si\u0119 I Festiwal Rado\u015bci w Kinie Kot\u0142ownia Muzeum Przyrody i Techniki w Starachowicach pod nazw\u0105 \u201eKolorowy zawr\u00f3t g\u0142owy, czyli moda<\/p>\n","protected":false},"author":1,"featured_media":0,"comment_status":"open","ping_status":"open","sticky":false,"template":"","format":"standard","meta":[],"categories":[1],"tags":[],"_links":{"self":[{"href":"https:\/\/wtzkalkow-godow.pl\/index.php?rest_route=\/wp\/v2\/posts\/463"}],"collection":[{"href":"https:\/\/wtzkalkow-godow.pl\/index.php?rest_route=\/wp\/v2\/posts"}],"about":[{"href":"https:\/\/wtzkalkow-godow.pl\/index.php?rest_route=\/wp\/v2\/types\/post"}],"author":[{"embeddable":true,"href":"https:\/\/wtzkalkow-godow.pl\/index.php?rest_route=\/wp\/v2\/users\/1"}],"replies":[{"embeddable":true,"href":"https:\/\/wtzkalkow-godow.pl\/index.php?rest_route=%2Fwp%2Fv2%2Fcomments&post=463"}],"version-history":[{"count":1,"href":"https:\/\/wtzkalkow-godow.pl\/index.php?rest_route=\/wp\/v2\/posts\/463\/revisions"}],"predecessor-version":[{"id":465,"href":"https:\/\/wtzkalkow-godow.pl\/index.php?rest_route=\/wp\/v2\/posts\/463\/revisions\/465"}],"wp:attachment":[{"href":"https:\/\/wtzkalkow-godow.pl\/index.php?rest_route=%2Fwp%2Fv2%2Fmedia&parent=463"}],"wp:term":[{"taxonomy":"category","embeddable":true,"href":"https:\/\/wtzkalkow-godow.pl\/index.php?rest_route=%2Fwp%2Fv2%2Fcategories&post=463"},{"taxonomy":"post_tag","embeddable":true,"href":"https:\/\/wtzkalkow-godow.pl\/index.php?rest_route=%2Fwp%2Fv2%2Ftags&post=463"}],"curies":[{"name":"wp","href":"https:\/\/api.w.org\/{rel}","templated":true}]}}