{"id":525,"date":"2014-06-05T09:21:31","date_gmt":"2014-06-05T09:21:31","guid":{"rendered":"http:\/\/wtzkalkow-godow.pl\/?p=525"},"modified":"2015-11-06T09:23:13","modified_gmt":"2015-11-06T09:23:13","slug":"zloty-jubileusz-ksiedza-infulata-czeslawa-wali","status":"publish","type":"post","link":"https:\/\/wtzkalkow-godow.pl\/?p=525","title":{"rendered":"Z\u0142oty Jubileusz ksi\u0119dza Infu\u0142ata Czes\u0142awa Wali"},"content":{"rendered":"<p style=\"text-align: justify;\"><a href=\"http:\/\/wtzkalkow-godow.pl\/wp-content\/uploads\/2015\/11\/DSC_0026.jpg\"><img loading=\"lazy\" class=\"aligncenter size-medium wp-image-527\" src=\"http:\/\/wtzkalkow-godow.pl\/wp-content\/uploads\/2015\/11\/DSC_0026-300x200.jpg\" alt=\"DSC_0026\" width=\"300\" height=\"200\" srcset=\"https:\/\/wtzkalkow-godow.pl\/wp-content\/uploads\/2015\/11\/DSC_0026-300x200.jpg 300w, https:\/\/wtzkalkow-godow.pl\/wp-content\/uploads\/2015\/11\/DSC_0026.jpg 640w\" sizes=\"(max-width: 300px) 100vw, 300px\" \/><\/a>W Uroczysto\u015b\u0107 Zes\u0142ania Ducha \u015awi\u0119tego w Sanktuarium Matki Bo\u017cej Bolesnej w Ka\u0142kowie-Godowie, odby\u0142y si\u0119 uroczysto\u015bci jubileuszu 50-lecia \u015bwi\u0119ce\u0144 kap\u0142a\u0144skich ks. Infu\u0142ata Czes\u0142awa Wali \u2013 tw\u00f3rcy sanktuarium, za\u0142o\u017cyciela parafii, a zarazem kustosza-seniora, inicjatora powstania Warsztatu Terapii Zaj\u0119ciowej. Razem z ksi\u0119dzem infu\u0142atem \u015bwi\u0119towa\u0142 sw\u00f3j z\u0142oty jubileusz ks. Andrzej Wr\u00f3blewski. Delegacja pracownik\u00f3w, uczestnik\u00f3w i ich rodzin z\u0142o\u017cy\u0142a Drogim Jubilatom serdeczne \u017cyczenia i podzi\u0119kowania za trud i po\u015bwi\u0119cenie w dzia\u0142alno\u015bci na rzecz os\u00f3b niepe\u0142nosprawnych.<br \/>\nKs. Infu\u0142at Czes\u0142aw Wala, tw\u00f3rca i budowniczy sanktuarium Matki Bo\u017cej Bolesnej w Ka\u0142kowie-Godowie, jak r\u00f3wnie\u017c Warsztatu Terapii Zaj\u0119ciowej w Ka\u0142kowie-Godowie obchodzi\u0142 50-lecie \u015bwi\u0119ce\u0144 kap\u0142a\u0144skich. Mszy \u015bwi\u0119tej w sanktuaryjnym ko\u015bciele przewodniczy\u0142 8 czerwca biskup Henryk Tomasik. &#8211; Patrz\u0105c na to dzie\u0142o niemal trudno uwierzy\u0107, \u017ce dokona\u0142 tego jeden cz\u0142owiek &#8211; m\u00f3wi\u0142 podczas uroczysto\u015bci biskup radomski.<\/p>\n<p style=\"text-align: justify;\"><!--more--><br \/>\nPrzed uroczyst\u0105 Msz\u0105 \u015bwi\u0119t\u0105 parafianie zorganizowali zacnym jubilatom przejazd bryczk\u0105 z G\u00f3ry Mi\u0142osierdzia \u201eErem\u00f3w\u201d \u2013 miejsca zamieszkania ks. Czes\u0142awa, do Auli \u015bw. Jana Paw\u0142a II. Po drodze zatrzymano si\u0119 przy kaplicy \u015bw. Maksymiliana Kolbe \u2013 to miejsce, w kt\u00f3rym narodzi\u0142a si\u0119 parafia.<br \/>\nKs. Kustosz Zbigniew Stanios serdecznie przywita\u0142 zgromadzonych go\u015bci. Nast\u0119pnie zosta\u0142y wyg\u0142oszone dwa wyk\u0142ady: prof. Aliny Rynio oraz ks. prof. Wies\u0142awa Przygody (wychowanka ks. inf. Wali). Tematem by\u0142o \u017cycie i dzia\u0142alno\u015b\u0107 ks. inf. Czes\u0142awa Wali. Wyst\u0105pi\u0142y r\u00f3wnie\u017c grupy parafialne, kt\u00f3re przygotowa\u0142y okoliczno\u015bciowy monta\u017c s\u0142owno-muzyczny.<br \/>\nPodczas procesji z Auli Jana Paw\u0142a II do ko\u015bcio\u0142a zosta\u0142a po\u015bwi\u0119cona tablica dedykowana ks. Czes\u0142awowi Wali \u2013 to dar zawsze wdzi\u0119cznych i wiernych parafian.<br \/>\nUroczystej sumie przewodniczy\u0142 bp Henryk Tomasik. A w\u015br\u00f3d koncelebrans\u00f3w \u2013 pr\u00f3cz czcigodnych jubilat\u00f3w \u2013 znale\u017ali si\u0119 m.in. ks. Eugeniusz Makulski, ks. pra\u0142. Stanis\u0142aw \u0141abendowicz, ks. Jan Mikos, ks. Andrzej Rdzanek (dziekan starachowicki) oraz kap\u0142ani dekanat\u00f3w starachowickich. Homili\u0119 wyg\u0142osi\u0142 syn ziemi ka\u0142kowskiej ks. prof. Wies\u0142aw Przygoda. Po homilii od\u015bpiewano hymn do Ducha \u015awi\u0119tego, odm\u00f3wiono modlitw\u0119 za jubilat\u00f3w oraz przekazano im po\u015bwi\u0119cone krzy\u017ce.<br \/>\nUroczysto\u015b\u0107 zgromadzi\u0142a wiele delegacji m.in. przedstawicieli grup dzia\u0142aj\u0105cych przy parafii: Zesp\u00f3\u0142 \u015bw. Anny, schol\u0119, Teatr Dramatyczny im. ks. infu\u0142ata Czes\u0142awa Wali, ministrant\u00f3w, Stra\u017cak\u00f3w OSP Ka\u0142k\u00f3w. Nie zabrak\u0142o delegacji z plac\u00f3wek powsta\u0142ych z inicjatywy ks. Czes\u0142awa Wali: Warsztatu Terapii Zaj\u0119ciowej, Domu Ludzi Starszych, Powiatowego Zak\u0142adu Aktywno\u015bci Zawodowej, Hospicjum \u015bw. o. Pio, Grupy \u015bw. Ojca Pio. Przyby\u0142y r\u00f3wnie\u017c siostry zakonne: Rada Generalna Si\u00f3str S\u0142u\u017cek NMPN z Mari\u00f3wki, Siostry C\u00f3rki \u015aw. Franciszka Serafickiego z Sandomierza oraz Matka Generalna Si\u00f3str \u015bw. Dominika wraz z zarz\u0105dem z Krakowa. Na uroczysto\u015bci jubileuszowe przybyli r\u00f3wnie\u017c przedstawiciele w\u0142adz samorz\u0105dowych, miejskich i gminnych oraz wiele delegacji indywidualnych.<br \/>\nPraca duszpasterska ks. Czes\u0142awa Wali przynios\u0142a wspania\u0142y plon i budzi od lat uznanie. Doceniany jest jego trud w\u0142o\u017cony w trosk\u0119 o parafi\u0119, a tak\u017ce o ka\u017cdego spotkanego cz\u0142owieka potrzebuj\u0105cego pomocy.<\/p>\n","protected":false},"excerpt":{"rendered":"<p>W Uroczysto\u015b\u0107 Zes\u0142ania Ducha \u015awi\u0119tego w Sanktuarium Matki Bo\u017cej Bolesnej w Ka\u0142kowie-Godowie, odby\u0142y si\u0119 uroczysto\u015bci jubileuszu 50-lecia \u015bwi\u0119ce\u0144 kap\u0142a\u0144skich ks. Infu\u0142ata Czes\u0142awa Wali \u2013 tw\u00f3rcy<\/p>\n","protected":false},"author":1,"featured_media":0,"comment_status":"open","ping_status":"open","sticky":false,"template":"","format":"standard","meta":[],"categories":[1],"tags":[],"_links":{"self":[{"href":"https:\/\/wtzkalkow-godow.pl\/index.php?rest_route=\/wp\/v2\/posts\/525"}],"collection":[{"href":"https:\/\/wtzkalkow-godow.pl\/index.php?rest_route=\/wp\/v2\/posts"}],"about":[{"href":"https:\/\/wtzkalkow-godow.pl\/index.php?rest_route=\/wp\/v2\/types\/post"}],"author":[{"embeddable":true,"href":"https:\/\/wtzkalkow-godow.pl\/index.php?rest_route=\/wp\/v2\/users\/1"}],"replies":[{"embeddable":true,"href":"https:\/\/wtzkalkow-godow.pl\/index.php?rest_route=%2Fwp%2Fv2%2Fcomments&post=525"}],"version-history":[{"count":1,"href":"https:\/\/wtzkalkow-godow.pl\/index.php?rest_route=\/wp\/v2\/posts\/525\/revisions"}],"predecessor-version":[{"id":528,"href":"https:\/\/wtzkalkow-godow.pl\/index.php?rest_route=\/wp\/v2\/posts\/525\/revisions\/528"}],"wp:attachment":[{"href":"https:\/\/wtzkalkow-godow.pl\/index.php?rest_route=%2Fwp%2Fv2%2Fmedia&parent=525"}],"wp:term":[{"taxonomy":"category","embeddable":true,"href":"https:\/\/wtzkalkow-godow.pl\/index.php?rest_route=%2Fwp%2Fv2%2Fcategories&post=525"},{"taxonomy":"post_tag","embeddable":true,"href":"https:\/\/wtzkalkow-godow.pl\/index.php?rest_route=%2Fwp%2Fv2%2Ftags&post=525"}],"curies":[{"name":"wp","href":"https:\/\/api.w.org\/{rel}","templated":true}]}}