{"id":529,"date":"2014-05-30T09:23:26","date_gmt":"2014-05-30T09:23:26","guid":{"rendered":"http:\/\/wtzkalkow-godow.pl\/?p=529"},"modified":"2015-11-06T09:27:23","modified_gmt":"2015-11-06T09:27:23","slug":"razem-aktywnie","status":"publish","type":"post","link":"https:\/\/wtzkalkow-godow.pl\/?p=529","title":{"rendered":",,Razem aktywnie&#8221;"},"content":{"rendered":"<p style=\"text-align: justify;\"><a href=\"http:\/\/wtzkalkow-godow.pl\/wp-content\/uploads\/2015\/11\/P1220994.jpg\"><img loading=\"lazy\" class=\"aligncenter size-medium wp-image-530\" src=\"http:\/\/wtzkalkow-godow.pl\/wp-content\/uploads\/2015\/11\/P1220994-300x201.jpg\" alt=\"P1220994\" width=\"300\" height=\"201\" srcset=\"https:\/\/wtzkalkow-godow.pl\/wp-content\/uploads\/2015\/11\/P1220994-300x201.jpg 300w, https:\/\/wtzkalkow-godow.pl\/wp-content\/uploads\/2015\/11\/P1220994.jpg 640w\" sizes=\"(max-width: 300px) 100vw, 300px\" \/><\/a>W dniach 28 \u2013 30 maja 2014 r. \u015awi\u0119tokrzyskie Stowarzyszenie Niepe\u0142nosprawnym \u201eRADO\u015a\u0106\u201d w Godowie zorganizowa\u0142o cykl spotka\u0144 o charakterze integracyjno \u2013 kulinarno \u2013 r\u0119kodzielniczym pod nazw\u0105 \u201eRazem aktywnie\u201d. Zadanie skierowane by\u0142o do ludzi w wieku 60+ z terenu powiatu starachowickiego, b\u0119d\u0105cych rodzicami os\u00f3b niepe\u0142nosprawnych \u2013 uczestnik\u00f3w Warsztatu Terapii Zaj\u0119ciowej w Ka\u0142kowie-Godowie. Zaj\u0119cia przeprowadzone zosta\u0142y na terenie obiekt\u00f3w nale\u017c\u0105cych do Parafii w Ka\u0142kowie-Godowie oraz do Warsztatu Terapii Zaj\u0119ciowej w Ka\u0142kowie-Godowie.<\/p>\n<p style=\"text-align: justify;\"><!--more-->W naszym regionie brakuje ofert bezpo\u015brednio skierowanych do os\u00f3b starszych, brakuje te\u017c specjalistycznych instytucji i os\u00f3b przygotowanych profesjonalnie do pracy z osobami starszymi. Mimo istniej\u0105cych form integracji i wsparcia os\u00f3b starszych w Polsce, aktualnie prowadzone badania ukazuj\u0105 poczucie osamotnienia os\u00f3b po przej\u015bciu na emerytur\u0119. Wiele os\u00f3b odczuwa pustk\u0119, nie wie jak zagospodarowa\u0107 czas, jak zaplanowa\u0107 dalszy rozw\u00f3j. Dlatego nale\u017cy stworzy\u0107 warunki do aktywizacji os\u00f3b starszych, kt\u00f3ra pozwoli\u0142aby na wykorzystanie ich potencja\u0142u do podnoszenia w\u0142asnej jako\u015bci \u017cycia, jako\u015bci \u017cycia spo\u0142eczno\u015bci s\u0105siedzkich i lokalnych oraz lepszej integracji spo\u0142eczno-kulturowej.<br \/>\nStowarzyszenie RADO\u015a\u0106 wychodz\u0105c na przeciw postanowi\u0142o da\u0107 osobom starszym mo\u017cliwo\u015b\u0107 wykorzystania i rozwoju w\u0142asnego potencja\u0142u poprzez udzia\u0142 w zadaniu \u201eRazem aktywnie\u201d. Okazj\u0105 do tego aby grupa ludzi 60+ mog\u0142a aktywnie i atrakcyjnie sp\u0119dzi\u0107 czas, zacie\u015bni\u0107 wi\u0119zi spo\u0142eczne, by\u0142o wsp\u00f3lne tworzenie regionalnego r\u0119kodzie\u0142a, staropolskich potraw oraz wypiek ciast i ciastek. Zaj\u0119cia prowadzi\u0142y Panie: Anna Kisiel i Bernadeta Mrowiec-Orczyk oraz Bracia: Grzegorz Baczy\u0144ski i Przemys\u0142aw R\u0119bowski \u2013 terapeuci z Warsztatu Terapii Zaj\u0119ciowej w Ka\u0142kowie-Godowie, b\u0119d\u0105cy jednocze\u015bnie cz\u0142onkami Stowarzyszenia \u201eRADO\u015a\u0106\u201d. W trakcie prowadzonych zaj\u0119\u0107 zorganizowana zosta\u0142a prelekcja na temat idei wolontariatu w wykonaniu Pani Dominiki Piwnik &#8211; wolontariuszki z Centrum Wolontariatu w Starachowicach. Pogadanka mia\u0142a na celu zach\u0119cenie uczestnik\u00f3w projektu do dzia\u0142a\u0144 wolontarystycznych. Zako\u0144czeniem i podsumowaniem dzia\u0142a\u0144 by\u0142a prezentacja powsta\u0142ych wytwor\u00f3w podczas imprezy \u201eJarmark u Starzecha\u201d, kt\u00f3ra odby\u0142a si\u0119 w dniach 31 maja \u2013 1 czerwca br., na terenie Muzeum Przyrody i Techniki w Starachowicach. Uczestnictwo w \u201eJarmarku u Starzecha\u201d pozwoli\u0142o, aby grupa ta i jej wytwory mog\u0142y zaistnie\u0107 i zaprezentowa\u0107 si\u0119 szerokiej publiczno\u015bci, przez co nast\u0105pi\u0142o zwi\u0119kszenie udzia\u0142u os\u00f3b starszych w \u017cyciu spo\u0142ecznym. Projekt da\u0142 mo\u017cliwo\u015b\u0107 lepszego poznania si\u0119 i zacie\u015bnienia wi\u0119zi poprzez wsp\u00f3lne, tw\u00f3rcze sp\u0119dzenie czasu wolnego a tak\u017ce przeciwdzia\u0142a\u0142 wykluczeniu spo\u0142ecznemu os\u00f3b w wieku 60+. Stworzenie klimatu wzajemnej akceptacji tolerancji i zrozumienia zwi\u0119kszy\u0142o ich poczucie w\u0142asnej warto\u015bci.<\/p>\n<p>\u201ePROJEKT ZOSTA\u0141 DOFINANSOWANY ZE \u015aRODK\u00d3W SAMORZ\u0104DU WOJEW\u00d3DZTWA \u015aWI\u0118TOKRZYSKIEGO w 2014r.\u201d<\/p>\n","protected":false},"excerpt":{"rendered":"<p>W dniach 28 \u2013 30 maja 2014 r. \u015awi\u0119tokrzyskie Stowarzyszenie Niepe\u0142nosprawnym \u201eRADO\u015a\u0106\u201d w Godowie zorganizowa\u0142o cykl spotka\u0144 o charakterze integracyjno \u2013 kulinarno \u2013 r\u0119kodzielniczym pod<\/p>\n","protected":false},"author":1,"featured_media":0,"comment_status":"open","ping_status":"open","sticky":false,"template":"","format":"standard","meta":[],"categories":[1],"tags":[],"_links":{"self":[{"href":"https:\/\/wtzkalkow-godow.pl\/index.php?rest_route=\/wp\/v2\/posts\/529"}],"collection":[{"href":"https:\/\/wtzkalkow-godow.pl\/index.php?rest_route=\/wp\/v2\/posts"}],"about":[{"href":"https:\/\/wtzkalkow-godow.pl\/index.php?rest_route=\/wp\/v2\/types\/post"}],"author":[{"embeddable":true,"href":"https:\/\/wtzkalkow-godow.pl\/index.php?rest_route=\/wp\/v2\/users\/1"}],"replies":[{"embeddable":true,"href":"https:\/\/wtzkalkow-godow.pl\/index.php?rest_route=%2Fwp%2Fv2%2Fcomments&post=529"}],"version-history":[{"count":1,"href":"https:\/\/wtzkalkow-godow.pl\/index.php?rest_route=\/wp\/v2\/posts\/529\/revisions"}],"predecessor-version":[{"id":531,"href":"https:\/\/wtzkalkow-godow.pl\/index.php?rest_route=\/wp\/v2\/posts\/529\/revisions\/531"}],"wp:attachment":[{"href":"https:\/\/wtzkalkow-godow.pl\/index.php?rest_route=%2Fwp%2Fv2%2Fmedia&parent=529"}],"wp:term":[{"taxonomy":"category","embeddable":true,"href":"https:\/\/wtzkalkow-godow.pl\/index.php?rest_route=%2Fwp%2Fv2%2Fcategories&post=529"},{"taxonomy":"post_tag","embeddable":true,"href":"https:\/\/wtzkalkow-godow.pl\/index.php?rest_route=%2Fwp%2Fv2%2Ftags&post=529"}],"curies":[{"name":"wp","href":"https:\/\/api.w.org\/{rel}","templated":true}]}}