{"id":532,"date":"2014-05-22T09:27:36","date_gmt":"2014-05-22T09:27:36","guid":{"rendered":"http:\/\/wtzkalkow-godow.pl\/?p=532"},"modified":"2015-11-06T09:33:38","modified_gmt":"2015-11-06T09:33:38","slug":"vii-konkurs-wiedzy-religijnej","status":"publish","type":"post","link":"https:\/\/wtzkalkow-godow.pl\/?p=532","title":{"rendered":"VII Konkurs Wiedzy Religijnej"},"content":{"rendered":"<p style=\"text-align: justify;\"><a href=\"http:\/\/wtzkalkow-godow.pl\/wp-content\/uploads\/2015\/11\/DSC_0423.jpg\"><img loading=\"lazy\" class=\"aligncenter size-medium wp-image-533\" src=\"http:\/\/wtzkalkow-godow.pl\/wp-content\/uploads\/2015\/11\/DSC_0423-300x200.jpg\" alt=\"DSC_0423\" width=\"300\" height=\"200\" srcset=\"https:\/\/wtzkalkow-godow.pl\/wp-content\/uploads\/2015\/11\/DSC_0423-300x200.jpg 300w, https:\/\/wtzkalkow-godow.pl\/wp-content\/uploads\/2015\/11\/DSC_0423.jpg 640w\" sizes=\"(max-width: 300px) 100vw, 300px\" \/><\/a>W s\u0142oneczny majowy dzie\u0144 w Sanktuarium Bolesnej Kr\u00f3lowej Polski w Ka\u0142kowie \u2013 Godowie po raz si\u00f3dmy odby\u0142 si\u0119 Konkurs Wiedzy Religijnej pod has\u0142em \u201eNie l\u0119kajcie si\u0119, otw\u00f3rzcie drzwi Chrystusowi!\u201d. Do zmaga\u0144 stan\u0119\u0142y osoby z niepe\u0142nosprawno\u015bci\u0105 intelektualn\u0105. Imprez\u0119 honorowym patronatem obieli: ks. bp. Henryk Tomasik &#8211; Ordynariusz Diecezji Radomskiej i ks. Infu\u0142at Czes\u0142aw Wala.<br \/>\nTematem wyr\u00f3\u017cniaj\u0105cym tegoroczny konkurs by\u0142o \u017cycie Jana XXIII i Jana Paw\u0142a II. Opr\u00f3cz tego podobnie jak w latach ubieg\u0142ych uczestnicy konkursu mogli sprawdzi\u0107 swoj\u0105 wiedz\u0119 dotycz\u0105c\u0105 historii Ko\u015bcio\u0142a oraz Starego i Nowego Testamentu. W konkursowe szranki stan\u0119\u0142o cztery a nie jak w latach ubieg\u0142ych trzy dru\u017cyny: WTZ w Jedlance Starej, WTZ w Starachowicach, WTZ w Ka\u0142kowie \u2013 Godowie oraz Specjalny O\u015brodek Wychowawczy w Ostrowcu \u015awi\u0119tokrzyskim.<\/p>\n<p style=\"text-align: justify;\"><!--more--><br \/>\nPo burzliwej naradzie komisja og\u0142osi\u0142a wyniki;<br \/>\nI miejsce \u2013 WTZ z Jedlanki Starej (33 p.)<br \/>\nII miejsce \u2013 WTZ ze Starachowic (30 p.)<br \/>\nIII miejsce \u2013 WTZ z Ka\u0142kowa Godowa i Specjalny O\u015brodek<br \/>\nWychowawczy z Ostrowca \u015aw. ( po 27 p.)<br \/>\nW sk\u0142ad komisji konkursowej weszli:<br \/>\nks. Henryk W\u00f3lczy\u0144ski &#8211; proboszcz parafii \u015aw. Judy Tadeusza w Starachowicach<br \/>\nks. Stanis\u0142aw D\u0119bowski &#8211; z parafii \u015aw. Maksymiliana Marii Kolbe w Ka\u0142kowie &#8211; Godowie<br \/>\nbr. Grzegorz Baczy\u0144ski &#8211; ze Wsp\u00f3lnoty Braci Chrystusa Cierpi\u0105cego w Godowie<br \/>\ns. El\u017cbieta Kot &#8211; ze Wsp\u00f3lnoty Si\u00f3str Franciszkanek Rodziny Maryi w Ostrowcu \u015awi\u0119tokrzyskim.<br \/>\nZwyci\u0119zcy konkursu otrzymali ksi\u0105\u017cki o tematyce biblijnej. Ka\u017cda dru\u017cyna dosta\u0142a te\u017c portrety \u015aw. Jana Paw\u0142a II i piernikowe serca wykonane w naszym warsztacie.<\/p>\n","protected":false},"excerpt":{"rendered":"<p>W s\u0142oneczny majowy dzie\u0144 w Sanktuarium Bolesnej Kr\u00f3lowej Polski w Ka\u0142kowie \u2013 Godowie po raz si\u00f3dmy odby\u0142 si\u0119 Konkurs Wiedzy Religijnej pod has\u0142em \u201eNie l\u0119kajcie<\/p>\n","protected":false},"author":1,"featured_media":0,"comment_status":"open","ping_status":"open","sticky":false,"template":"","format":"standard","meta":[],"categories":[1],"tags":[],"_links":{"self":[{"href":"https:\/\/wtzkalkow-godow.pl\/index.php?rest_route=\/wp\/v2\/posts\/532"}],"collection":[{"href":"https:\/\/wtzkalkow-godow.pl\/index.php?rest_route=\/wp\/v2\/posts"}],"about":[{"href":"https:\/\/wtzkalkow-godow.pl\/index.php?rest_route=\/wp\/v2\/types\/post"}],"author":[{"embeddable":true,"href":"https:\/\/wtzkalkow-godow.pl\/index.php?rest_route=\/wp\/v2\/users\/1"}],"replies":[{"embeddable":true,"href":"https:\/\/wtzkalkow-godow.pl\/index.php?rest_route=%2Fwp%2Fv2%2Fcomments&post=532"}],"version-history":[{"count":2,"href":"https:\/\/wtzkalkow-godow.pl\/index.php?rest_route=\/wp\/v2\/posts\/532\/revisions"}],"predecessor-version":[{"id":535,"href":"https:\/\/wtzkalkow-godow.pl\/index.php?rest_route=\/wp\/v2\/posts\/532\/revisions\/535"}],"wp:attachment":[{"href":"https:\/\/wtzkalkow-godow.pl\/index.php?rest_route=%2Fwp%2Fv2%2Fmedia&parent=532"}],"wp:term":[{"taxonomy":"category","embeddable":true,"href":"https:\/\/wtzkalkow-godow.pl\/index.php?rest_route=%2Fwp%2Fv2%2Fcategories&post=532"},{"taxonomy":"post_tag","embeddable":true,"href":"https:\/\/wtzkalkow-godow.pl\/index.php?rest_route=%2Fwp%2Fv2%2Ftags&post=532"}],"curies":[{"name":"wp","href":"https:\/\/api.w.org\/{rel}","templated":true}]}}