{"id":536,"date":"2014-04-09T09:33:48","date_gmt":"2014-04-09T09:33:48","guid":{"rendered":"http:\/\/wtzkalkow-godow.pl\/?p=536"},"modified":"2015-11-06T09:37:39","modified_gmt":"2015-11-06T09:37:39","slug":"sniadanie-wielkanocne","status":"publish","type":"post","link":"https:\/\/wtzkalkow-godow.pl\/?p=536","title":{"rendered":"\u015aniadanie Wielkanocne"},"content":{"rendered":"<p style=\"text-align: justify;\"><a href=\"http:\/\/wtzkalkow-godow.pl\/wp-content\/uploads\/2015\/11\/P1220470.jpg\"><img loading=\"lazy\" class=\"aligncenter size-medium wp-image-537\" src=\"http:\/\/wtzkalkow-godow.pl\/wp-content\/uploads\/2015\/11\/P1220470-300x225.jpg\" alt=\"P1220470\" width=\"300\" height=\"225\" srcset=\"https:\/\/wtzkalkow-godow.pl\/wp-content\/uploads\/2015\/11\/P1220470-300x225.jpg 300w, https:\/\/wtzkalkow-godow.pl\/wp-content\/uploads\/2015\/11\/P1220470.jpg 448w\" sizes=\"(max-width: 300px) 100vw, 300px\" \/><\/a>W \u015brod\u0119 9 kwietnia 2014 roku w Warsztacie Terapii Zaj\u0119ciowej w Kalkowie-Godowie odby\u0142o si\u0119 \u015aniadanie Wielkanocne, kt\u00f3re rozpocz\u0119\u0142o si\u0119 uroczyst\u0105 Msz\u0105 \u015awi\u0119t\u0105 w Ko\u015bciele Sanktuaryjnym, sprawowan\u0105 przez ksi\u0119dza kustosza Zbigniewa Staniosa. Pos\u0142ug\u0119 w konfesjonale pe\u0142nili: ksi\u0105dz Stanis\u0142aw D\u0119bowski oraz ksi\u0105dz Marek Kie\u0142basa. Po Mszy \u015awi\u0119tej wszyscy udali si\u0119 do \u201eWieczernika\u201d Sanktuarium na \u015bniadanie.<\/p>\n<p style=\"text-align: justify;\"><!--more-->Obecnych go\u015bci uroczy\u015bcie powita\u0142 Kierownik Warsztatu Terapii Zaj\u0119ciowej Pan Roman Konopka, kt\u00f3ry z\u0142o\u017cy\u0142 ciep\u0142e, serdeczne \u017cyczenia zdrowych, weso\u0142ych \u015awi\u0105t Wielkanocnych. Przekaza\u0142 r\u00f3wnie\u017c \u017cyczenia od Ksi\u0119dza Infu\u0142ata Czes\u0142awa Wali, kt\u00f3ry niestety nie m\u00f3g\u0142 uczestniczy\u0107 w tej uroczysto\u015bci, ale pami\u0119ta\u0142 o nas w modlitwie i \u017cyczy\u0142 b\u0142ogos\u0142awionych i radosnych \u015awi\u0105t Wielkanocnych dla wszystkich obecnych. Na uroczystym \u015bniadaniu obecni byli: pracownicy WTZ, uczestnicy wraz z rodzicami i opiekunami oraz zaproszeni go\u015bcie: Cz\u0142onek Zarz\u0105du Powiatu Starachowickiego Pan Marek Paw\u0142owski, Dyrektor Powiatowego Centrum Pomocy Rodzinie w Starachowicach Pan Wies\u0142aw Daszkowski, ksi\u0105dz kustosz Zbigniew Stanios, ksi\u0105dz Stanis\u0142aw D\u0119bowski oraz ksi\u0105dz Marek Kie\u0142basa. \u015awi\u0105teczne spotkanie by\u0142o okazj\u0105 do zaprezentowania przygotowanych przez uczestnik\u00f3w pod kierunkiem instruktor\u00f3w ozd\u00f3b i stroik\u00f3w wielkanocnych. Pocz\u0119stunek z tej okazji przygotowa\u0142a Pracownia Kulinarna WTZ, kt\u00f3rej uczestnicy dbali o to, aby nikomu niczego w tym dniu nie zabrak\u0142o. \u015aniadanie przebieg\u0142o w bardzo przyjemnej i serdecznej atmosferze w\u015br\u00f3d u\u015bmiech\u00f3w i ciep\u0142ych \u015bwi\u0105tecznych \u017cycze\u0144.<\/p>\n","protected":false},"excerpt":{"rendered":"<p>W \u015brod\u0119 9 kwietnia 2014 roku w Warsztacie Terapii Zaj\u0119ciowej w Kalkowie-Godowie odby\u0142o si\u0119 \u015aniadanie Wielkanocne, kt\u00f3re rozpocz\u0119\u0142o si\u0119 uroczyst\u0105 Msz\u0105 \u015awi\u0119t\u0105 w Ko\u015bciele Sanktuaryjnym,<\/p>\n","protected":false},"author":1,"featured_media":0,"comment_status":"open","ping_status":"open","sticky":false,"template":"","format":"standard","meta":[],"categories":[1],"tags":[],"_links":{"self":[{"href":"https:\/\/wtzkalkow-godow.pl\/index.php?rest_route=\/wp\/v2\/posts\/536"}],"collection":[{"href":"https:\/\/wtzkalkow-godow.pl\/index.php?rest_route=\/wp\/v2\/posts"}],"about":[{"href":"https:\/\/wtzkalkow-godow.pl\/index.php?rest_route=\/wp\/v2\/types\/post"}],"author":[{"embeddable":true,"href":"https:\/\/wtzkalkow-godow.pl\/index.php?rest_route=\/wp\/v2\/users\/1"}],"replies":[{"embeddable":true,"href":"https:\/\/wtzkalkow-godow.pl\/index.php?rest_route=%2Fwp%2Fv2%2Fcomments&post=536"}],"version-history":[{"count":1,"href":"https:\/\/wtzkalkow-godow.pl\/index.php?rest_route=\/wp\/v2\/posts\/536\/revisions"}],"predecessor-version":[{"id":538,"href":"https:\/\/wtzkalkow-godow.pl\/index.php?rest_route=\/wp\/v2\/posts\/536\/revisions\/538"}],"wp:attachment":[{"href":"https:\/\/wtzkalkow-godow.pl\/index.php?rest_route=%2Fwp%2Fv2%2Fmedia&parent=536"}],"wp:term":[{"taxonomy":"category","embeddable":true,"href":"https:\/\/wtzkalkow-godow.pl\/index.php?rest_route=%2Fwp%2Fv2%2Fcategories&post=536"},{"taxonomy":"post_tag","embeddable":true,"href":"https:\/\/wtzkalkow-godow.pl\/index.php?rest_route=%2Fwp%2Fv2%2Ftags&post=536"}],"curies":[{"name":"wp","href":"https:\/\/api.w.org\/{rel}","templated":true}]}}