{"id":539,"date":"2014-05-07T09:37:50","date_gmt":"2014-05-07T09:37:50","guid":{"rendered":"http:\/\/wtzkalkow-godow.pl\/?p=539"},"modified":"2015-11-06T09:41:04","modified_gmt":"2015-11-06T09:41:04","slug":"obchody-dnia-godnosci-krajno","status":"publish","type":"post","link":"https:\/\/wtzkalkow-godow.pl\/?p=539","title":{"rendered":"Obchody Dnia Godno\u015bci- Krajno"},"content":{"rendered":"<p style=\"text-align: justify;\"><a href=\"http:\/\/wtzkalkow-godow.pl\/wp-content\/uploads\/2015\/11\/P1220733.jpg\"><img loading=\"lazy\" class=\"aligncenter size-medium wp-image-540\" src=\"http:\/\/wtzkalkow-godow.pl\/wp-content\/uploads\/2015\/11\/P1220733-300x225.jpg\" alt=\"P1220733\" width=\"300\" height=\"225\" srcset=\"https:\/\/wtzkalkow-godow.pl\/wp-content\/uploads\/2015\/11\/P1220733-300x225.jpg 300w, https:\/\/wtzkalkow-godow.pl\/wp-content\/uploads\/2015\/11\/P1220733.jpg 640w\" sizes=\"(max-width: 300px) 100vw, 300px\" \/><\/a>\u015awi\u0119tokrzyskie Stowarzyszenie Niepe\u0142nosprawnym \u201eRADO\u015a\u0106\u201d w Godowie realizowa\u0142o projekt pod nazw\u0105 \u201eObchody Dnia Godno\u015bci Os\u00f3b z Niepe\u0142nosprawno\u015bci\u0105 Intelektualn\u0105\u201d w ramach realizacji zadania publicznego \u201eOrganizacja okoliczno\u015bciowych spotka\u0144, imprez oraz aktywnych form sp\u0119dzania wolnego czasu os\u00f3b niepe\u0142nosprawnych. Obchody Dnia Godno\u015bci Os\u00f3b z Niepe\u0142nosprawno\u015bci\u0105 Intelektualn\u0105\u201d wsp\u00f3\u0142finansowanego ze \u015brodk\u00f3w Powiatu Starachowickiego. Zadanie obj\u0119\u0142o dzia\u0142ania na rzecz os\u00f3b niepe\u0142nosprawnych b\u0119d\u0105cych uczestnikami Warsztatu Terapii Zaj\u0119ciowej w Ka\u0142kowie-Godowie oraz pracownik\u00f3w WTZ. Dofinansowanie zadania obejmowa\u0142o pokrycie koszt\u00f3w transportu i zakup bilet\u00f3w wst\u0119pu do Parku Miniatur. Obchody Dnia Godno\u015bci Os\u00f3b z Niepe\u0142nosprawno\u015bci\u0105 Intelektualn\u0105 s\u0105 imprez\u0105 cykliczn\u0105 organizowan\u0105 przez Stowarzyszenie \u201eRADO\u015a\u0106\u201d, tym razem obchody zorganizowano jako imprez\u0119 wyjazdowo \u2013 plenerow\u0105 do o\u015brodka edukacyjno &#8211; rozrywkowego w Krajnie.<\/p>\n<p style=\"text-align: justify;\"><!--more--><br \/>\nW trakcie wyjazdu uczestnicy obchod\u00f3w zwiedzili Park Miniatur, przez co poznali najbardziej znane miejsca i budowle \u015bwiata na wszystkich kontynentach w miniaturze m.in.: Plac \u015aw. Piotra, Coloseum, Piramid\u0119 Cheopsa, Wodospad Niagara, Statu\u0119 Wolno\u015bci, nie istniej\u0105ce ju\u017c Wie\u017ce World Trade Center, Wie\u017c\u0119 Eiffla, Cerkiew B\u0142ogos\u0142awionego Wasyla z Moskwy oraz wiele innych. By\u0142a to r\u00f3wnie\u017c okazja do integracji, stworzenia klimatu wzajemnej akceptacji i zrozumienia. Ponadto osoby niepe\u0142nosprawne zosta\u0142y zapoznane z tre\u015bci\u0105 Konwencji o Prawach Os\u00f3b Niepe\u0142nosprawnych, kt\u00f3rej podstawowe postanowienia m\u00f3wi\u0105 o uznaniu r\u00f3wno\u015bci wszystkich ludzi, zakazie jakiejkolwiek dyskryminacji ze wzgl\u0119du na niepe\u0142nosprawno\u015b\u0107, jednakow\u0105 ochron\u0119 prawn\u0105 i jednakowe korzy\u015bci wynikaj\u0105ce z prawa. W obchodach wzi\u0119\u0142o udzia\u0142 55 os\u00f3b, w\u015br\u00f3d nich: 39 uczestnik\u00f3w WTZ w Ka\u0142kowie-Godowie i 16 cz\u0142onk\u00f3w Stowarzyszenia \u201eRADO\u015a\u0106\u201d .<br \/>\nBy\u0142o to wielkie \u015bwi\u0119to, kt\u00f3re w doskona\u0142y spos\u00f3b pokazuje, \u017ce ludzie niepe\u0142nosprawni s\u0105 takimi samymi lud\u017ami jak my wszyscy; ciekawi \u015bwiata i nowo\u015bci, rado\u015bni i okazuj\u0105cy spontanicznie swoje zadowolenie i sympati\u0119. Uprawnione s\u0105 one do korzystania ze wszystkich wolno\u015bci i praw bez jakiejkolwiek r\u00f3\u017cnicy.Patrz\u0105c na u\u015bmiechni\u0119te twarze podopiecznych Warsztatu Terapii Zaj\u0119ciowej w Ka\u0142kowie &#8211; Godowie mo\u017cna \u015bmia\u0142o stwierdzi\u0107, \u017ce tego dnia byli bardzo zadowoleni.<\/p>\n","protected":false},"excerpt":{"rendered":"<p>\u015awi\u0119tokrzyskie Stowarzyszenie Niepe\u0142nosprawnym \u201eRADO\u015a\u0106\u201d w Godowie realizowa\u0142o projekt pod nazw\u0105 \u201eObchody Dnia Godno\u015bci Os\u00f3b z Niepe\u0142nosprawno\u015bci\u0105 Intelektualn\u0105\u201d w ramach realizacji zadania publicznego \u201eOrganizacja okoliczno\u015bciowych spotka\u0144,<\/p>\n","protected":false},"author":1,"featured_media":0,"comment_status":"open","ping_status":"open","sticky":false,"template":"","format":"standard","meta":[],"categories":[1],"tags":[],"_links":{"self":[{"href":"https:\/\/wtzkalkow-godow.pl\/index.php?rest_route=\/wp\/v2\/posts\/539"}],"collection":[{"href":"https:\/\/wtzkalkow-godow.pl\/index.php?rest_route=\/wp\/v2\/posts"}],"about":[{"href":"https:\/\/wtzkalkow-godow.pl\/index.php?rest_route=\/wp\/v2\/types\/post"}],"author":[{"embeddable":true,"href":"https:\/\/wtzkalkow-godow.pl\/index.php?rest_route=\/wp\/v2\/users\/1"}],"replies":[{"embeddable":true,"href":"https:\/\/wtzkalkow-godow.pl\/index.php?rest_route=%2Fwp%2Fv2%2Fcomments&post=539"}],"version-history":[{"count":1,"href":"https:\/\/wtzkalkow-godow.pl\/index.php?rest_route=\/wp\/v2\/posts\/539\/revisions"}],"predecessor-version":[{"id":541,"href":"https:\/\/wtzkalkow-godow.pl\/index.php?rest_route=\/wp\/v2\/posts\/539\/revisions\/541"}],"wp:attachment":[{"href":"https:\/\/wtzkalkow-godow.pl\/index.php?rest_route=%2Fwp%2Fv2%2Fmedia&parent=539"}],"wp:term":[{"taxonomy":"category","embeddable":true,"href":"https:\/\/wtzkalkow-godow.pl\/index.php?rest_route=%2Fwp%2Fv2%2Fcategories&post=539"},{"taxonomy":"post_tag","embeddable":true,"href":"https:\/\/wtzkalkow-godow.pl\/index.php?rest_route=%2Fwp%2Fv2%2Ftags&post=539"}],"curies":[{"name":"wp","href":"https:\/\/api.w.org\/{rel}","templated":true}]}}