{"id":733,"date":"2013-09-09T09:29:27","date_gmt":"2013-09-09T09:29:27","guid":{"rendered":"http:\/\/wtzkalkow-godow.pl\/?p=733"},"modified":"2016-01-18T09:33:29","modified_gmt":"2016-01-18T09:33:29","slug":"dozynki-2","status":"publish","type":"post","link":"https:\/\/wtzkalkow-godow.pl\/?p=733","title":{"rendered":"Do\u017cynki"},"content":{"rendered":"<p style=\"text-align: justify;\"><a href=\"http:\/\/wtzkalkow-godow.pl\/wp-content\/uploads\/2016\/01\/CAM00133.jpg\" rel=\"attachment wp-att-734\"><img loading=\"lazy\" class=\"aligncenter size-medium wp-image-734\" src=\"http:\/\/wtzkalkow-godow.pl\/wp-content\/uploads\/2016\/01\/CAM00133-300x225.jpg\" alt=\"CAM00133\" width=\"300\" height=\"225\" srcset=\"https:\/\/wtzkalkow-godow.pl\/wp-content\/uploads\/2016\/01\/CAM00133-300x225.jpg 300w, https:\/\/wtzkalkow-godow.pl\/wp-content\/uploads\/2016\/01\/CAM00133.jpg 448w\" sizes=\"(max-width: 300px) 100vw, 300px\" \/><\/a>W Sanktuarium Bolesnej Kr\u00f3lowej Polski w Ka\u0142kowie-Godowie w niedziel\u0119 8 wrze\u015bnia odby\u0142y si\u0119 <strong>Do\u017cynki Diecezjalne<\/strong>. Uczestnicy naszego warsztatu i instruktorzy, niezmiennie od wielu lat, r\u00f3wnie\u017c w tym roku przygotowali wieniec i wzi\u0119li udzia\u0142 w tej pi\u0119knej uroczysto\u015bci. Uroczystej Eucharystii przewodniczy\u0142 ksi\u0105dz biskup Henryk Tomasik , a koncelebrowali m.in. ks. Andrzej Bartosi\u0144ski &#8211; diecezjalny duszpasterz rolnik\u00f3w oraz ks. Zbigniew Stanios &#8211; kustosz sanktuarium. W\u015br\u00f3d zaproszonych go\u015bci znale\u017ali si\u0119: pose\u0142 Krzysztof Lipiec oraz w\u00f3jt gminy Paw\u0142\u00f3w Ignacy Gierada.<\/p>\n<p style=\"text-align: justify;\"><!--more--><br \/>\nUroczysto\u015b\u0107 rozpocz\u0119to barwnym korowodem do\u017cynkowym; z pi\u0119knymi strojami regionalnymi, wie\u0144cami do\u017cynkowymi, pocztami sztandarowymi. Podczas mszy, na Ofiarowanie, wszystkie wie\u0144ce zosta\u0142y z\u0142o\u017cone na polowym o\u0142tarzu przed Golgot\u0105 Martyrologii Narodu Polskiego. Tradycyjnie, po mszy, uczestnicy uroczysto\u015bci otrzymali chleb do\u017cynkowy.<br \/>\nDo\u017cynki po\u0142\u0105czono z gminnymi do\u017cynkami gminy Paw\u0142\u00f3w, na terenie, kt\u00f3rej le\u017cy sanktuarium. By\u0142o to dzi\u0119kczynienie za dar chleba ka\u017cdego polskiego ch\u0142opa i rodziny ch\u0142opskiej.<\/p>\n","protected":false},"excerpt":{"rendered":"<p>W Sanktuarium Bolesnej Kr\u00f3lowej Polski w Ka\u0142kowie-Godowie w niedziel\u0119 8 wrze\u015bnia odby\u0142y si\u0119 Do\u017cynki Diecezjalne. Uczestnicy naszego warsztatu i instruktorzy, niezmiennie od wielu lat, r\u00f3wnie\u017c<\/p>\n","protected":false},"author":1,"featured_media":0,"comment_status":"open","ping_status":"open","sticky":false,"template":"","format":"standard","meta":[],"categories":[1],"tags":[],"_links":{"self":[{"href":"https:\/\/wtzkalkow-godow.pl\/index.php?rest_route=\/wp\/v2\/posts\/733"}],"collection":[{"href":"https:\/\/wtzkalkow-godow.pl\/index.php?rest_route=\/wp\/v2\/posts"}],"about":[{"href":"https:\/\/wtzkalkow-godow.pl\/index.php?rest_route=\/wp\/v2\/types\/post"}],"author":[{"embeddable":true,"href":"https:\/\/wtzkalkow-godow.pl\/index.php?rest_route=\/wp\/v2\/users\/1"}],"replies":[{"embeddable":true,"href":"https:\/\/wtzkalkow-godow.pl\/index.php?rest_route=%2Fwp%2Fv2%2Fcomments&post=733"}],"version-history":[{"count":1,"href":"https:\/\/wtzkalkow-godow.pl\/index.php?rest_route=\/wp\/v2\/posts\/733\/revisions"}],"predecessor-version":[{"id":735,"href":"https:\/\/wtzkalkow-godow.pl\/index.php?rest_route=\/wp\/v2\/posts\/733\/revisions\/735"}],"wp:attachment":[{"href":"https:\/\/wtzkalkow-godow.pl\/index.php?rest_route=%2Fwp%2Fv2%2Fmedia&parent=733"}],"wp:term":[{"taxonomy":"category","embeddable":true,"href":"https:\/\/wtzkalkow-godow.pl\/index.php?rest_route=%2Fwp%2Fv2%2Fcategories&post=733"},{"taxonomy":"post_tag","embeddable":true,"href":"https:\/\/wtzkalkow-godow.pl\/index.php?rest_route=%2Fwp%2Fv2%2Ftags&post=733"}],"curies":[{"name":"wp","href":"https:\/\/api.w.org\/{rel}","templated":true}]}}