{"id":746,"date":"2013-06-21T09:46:40","date_gmt":"2013-06-21T09:46:40","guid":{"rendered":"http:\/\/wtzkalkow-godow.pl\/?p=746"},"modified":"2016-01-18T09:54:32","modified_gmt":"2016-01-18T09:54:32","slug":"wycieczka-do-zapadnich-dolow","status":"publish","type":"post","link":"https:\/\/wtzkalkow-godow.pl\/?p=746","title":{"rendered":"Wycieczka do Zapadnich Do\u0142\u00f3w"},"content":{"rendered":"<p style=\"text-align: justify;\"><a href=\"http:\/\/wtzkalkow-godow.pl\/wp-content\/uploads\/2016\/01\/P1190307.jpg\" rel=\"attachment wp-att-747\"><img loading=\"lazy\" class=\"aligncenter size-medium wp-image-747\" src=\"http:\/\/wtzkalkow-godow.pl\/wp-content\/uploads\/2016\/01\/P1190307-300x225.jpg\" alt=\"P1190307\" width=\"300\" height=\"225\" srcset=\"https:\/\/wtzkalkow-godow.pl\/wp-content\/uploads\/2016\/01\/P1190307-300x225.jpg 300w, https:\/\/wtzkalkow-godow.pl\/wp-content\/uploads\/2016\/01\/P1190307.jpg 640w\" sizes=\"(max-width: 300px) 100vw, 300px\" \/><\/a>W dniu 20 06 2013r. grupa uczestnik\u00f3w z Warsztatu Terapii Zaj\u0119ciowej w Ka\u0142kowie -Godowie: Sebastian Pochylski, Krzysztof Jagu\u015b, Ewa Lipiec, Marcin Wojton, Mariusz Nowak pod opiek\u0105 instruktor\u00f3w br.Grzegorza Baczy\u0144skiego i Andrzeja Amborskiego wzi\u0119\u0142a udzia\u0142 w zwiedzaniu miejsca zwanego \u201eZapadnimi Do\u0142ami\u201d.<!--more--><br \/>\nTeren ten planuje si\u0119 obj\u0105\u0107 ochron\u0105 rezerwatow\u0105 ze wzgl\u0119du na r\u00f3\u017cnorodne ukszta\u0142towanie terenu (zapadliska, nieckowate dolinki, leje) spowodowane dzia\u0142aniem wody wyp\u0142ukuj\u0105cej ze ska\u0142 wapiennych po\u0142o\u017conych pod<br \/>\npowierzchni\u0105 gleby jaskinie i korytarze w kt\u00f3rych znika okresowo pojawiaj\u0105cy si\u0119 strumie\u0144. Naszym przewodnikiem zosta\u0142 kolejny raz Mariusz Zaw\u0142ocki, pracownik Urz\u0119du Gminy Brody zajmuj\u0105cy si\u0119 promocj\u0105 walor\u00f3w przyrodniczych gminy. Wyjazd do rezerwatu przyrody zosta\u0142 zorganizowany przy wsp\u00f3\u0142pracy z Urz\u0119dem Gminy<br \/>\nBrody i by\u0142 pi\u0105tym z kolei w cyklu \u201eGmina Brody \u2013 poznaj dziedzictwo przyrody\u201d.<\/p>\n","protected":false},"excerpt":{"rendered":"<p>W dniu 20 06 2013r. grupa uczestnik\u00f3w z Warsztatu Terapii Zaj\u0119ciowej w Ka\u0142kowie -Godowie: Sebastian Pochylski, Krzysztof Jagu\u015b, Ewa Lipiec, Marcin Wojton, Mariusz Nowak pod<\/p>\n","protected":false},"author":1,"featured_media":0,"comment_status":"open","ping_status":"open","sticky":false,"template":"","format":"standard","meta":[],"categories":[1],"tags":[],"_links":{"self":[{"href":"https:\/\/wtzkalkow-godow.pl\/index.php?rest_route=\/wp\/v2\/posts\/746"}],"collection":[{"href":"https:\/\/wtzkalkow-godow.pl\/index.php?rest_route=\/wp\/v2\/posts"}],"about":[{"href":"https:\/\/wtzkalkow-godow.pl\/index.php?rest_route=\/wp\/v2\/types\/post"}],"author":[{"embeddable":true,"href":"https:\/\/wtzkalkow-godow.pl\/index.php?rest_route=\/wp\/v2\/users\/1"}],"replies":[{"embeddable":true,"href":"https:\/\/wtzkalkow-godow.pl\/index.php?rest_route=%2Fwp%2Fv2%2Fcomments&post=746"}],"version-history":[{"count":1,"href":"https:\/\/wtzkalkow-godow.pl\/index.php?rest_route=\/wp\/v2\/posts\/746\/revisions"}],"predecessor-version":[{"id":748,"href":"https:\/\/wtzkalkow-godow.pl\/index.php?rest_route=\/wp\/v2\/posts\/746\/revisions\/748"}],"wp:attachment":[{"href":"https:\/\/wtzkalkow-godow.pl\/index.php?rest_route=%2Fwp%2Fv2%2Fmedia&parent=746"}],"wp:term":[{"taxonomy":"category","embeddable":true,"href":"https:\/\/wtzkalkow-godow.pl\/index.php?rest_route=%2Fwp%2Fv2%2Fcategories&post=746"},{"taxonomy":"post_tag","embeddable":true,"href":"https:\/\/wtzkalkow-godow.pl\/index.php?rest_route=%2Fwp%2Fv2%2Ftags&post=746"}],"curies":[{"name":"wp","href":"https:\/\/api.w.org\/{rel}","templated":true}]}}