{"id":784,"date":"2012-12-10T10:15:02","date_gmt":"2012-12-10T10:15:02","guid":{"rendered":"http:\/\/wtzkalkow-godow.pl\/?p=784"},"modified":"2016-01-20T10:56:26","modified_gmt":"2016-01-20T10:56:26","slug":"swiateczne-inspiracje","status":"publish","type":"post","link":"https:\/\/wtzkalkow-godow.pl\/?p=784","title":{"rendered":",,\u015awi\u0105teczne inspiracje&#8221;"},"content":{"rendered":"<p style=\"text-align: justify;\"><a href=\"http:\/\/wtzkalkow-godow.pl\/wp-content\/uploads\/2016\/01\/P1170686.jpg\" rel=\"attachment wp-att-785\"><img loading=\"lazy\" class=\"aligncenter size-medium wp-image-785\" src=\"http:\/\/wtzkalkow-godow.pl\/wp-content\/uploads\/2016\/01\/P1170686-300x225.jpg\" alt=\"P1170686\" width=\"300\" height=\"225\" srcset=\"https:\/\/wtzkalkow-godow.pl\/wp-content\/uploads\/2016\/01\/P1170686-300x225.jpg 300w, https:\/\/wtzkalkow-godow.pl\/wp-content\/uploads\/2016\/01\/P1170686.jpg 640w\" sizes=\"(max-width: 300px) 100vw, 300px\" \/><\/a>W Staszowie odby\u0142 si\u0119 XI Festiwal Dzia\u0142a\u0144 Artystycznych Os\u00f3b Niepe\u0142nosprawnych &#8211; ,, \u015awi\u0105teczne inspiracje&#8221;. W festiwalu udzia\u0142 wzi\u0119li uczestnicy warsztat\u00f3w\u00a0 terapii zaj\u0119ciowej oraz plac\u00f3wek terapeutyczno &#8211; opieku\u0144czych. Grupa teatralna ,,Altanka \u015awi\u0119tokrzyska&#8221; z naszego warsztatu zaprezentowa\u0142a przedstawienie &#8211; ,,Dzie\u0144 z \u017cycia WTZ&#8221;. Dzie\u0144 by\u0142 pe\u0142en wra\u017ce\u0144 i mi\u0142ych niespodzianek. Wszyscy rado\u015bni i zadowoleni wr\u00f3cili do domu.<\/p>\n","protected":false},"excerpt":{"rendered":"<p>W Staszowie odby\u0142 si\u0119 XI Festiwal Dzia\u0142a\u0144 Artystycznych Os\u00f3b Niepe\u0142nosprawnych &#8211; ,, \u015awi\u0105teczne inspiracje&#8221;. W festiwalu udzia\u0142 wzi\u0119li uczestnicy warsztat\u00f3w\u00a0 terapii zaj\u0119ciowej oraz plac\u00f3wek terapeutyczno<\/p>\n","protected":false},"author":1,"featured_media":0,"comment_status":"open","ping_status":"open","sticky":false,"template":"","format":"standard","meta":[],"categories":[1],"tags":[],"_links":{"self":[{"href":"https:\/\/wtzkalkow-godow.pl\/index.php?rest_route=\/wp\/v2\/posts\/784"}],"collection":[{"href":"https:\/\/wtzkalkow-godow.pl\/index.php?rest_route=\/wp\/v2\/posts"}],"about":[{"href":"https:\/\/wtzkalkow-godow.pl\/index.php?rest_route=\/wp\/v2\/types\/post"}],"author":[{"embeddable":true,"href":"https:\/\/wtzkalkow-godow.pl\/index.php?rest_route=\/wp\/v2\/users\/1"}],"replies":[{"embeddable":true,"href":"https:\/\/wtzkalkow-godow.pl\/index.php?rest_route=%2Fwp%2Fv2%2Fcomments&post=784"}],"version-history":[{"count":1,"href":"https:\/\/wtzkalkow-godow.pl\/index.php?rest_route=\/wp\/v2\/posts\/784\/revisions"}],"predecessor-version":[{"id":786,"href":"https:\/\/wtzkalkow-godow.pl\/index.php?rest_route=\/wp\/v2\/posts\/784\/revisions\/786"}],"wp:attachment":[{"href":"https:\/\/wtzkalkow-godow.pl\/index.php?rest_route=%2Fwp%2Fv2%2Fmedia&parent=784"}],"wp:term":[{"taxonomy":"category","embeddable":true,"href":"https:\/\/wtzkalkow-godow.pl\/index.php?rest_route=%2Fwp%2Fv2%2Fcategories&post=784"},{"taxonomy":"post_tag","embeddable":true,"href":"https:\/\/wtzkalkow-godow.pl\/index.php?rest_route=%2Fwp%2Fv2%2Ftags&post=784"}],"curies":[{"name":"wp","href":"https:\/\/api.w.org\/{rel}","templated":true}]}}