{"id":847,"date":"2016-02-15T13:56:56","date_gmt":"2016-02-15T13:56:56","guid":{"rendered":"http:\/\/wtzkalkow-godow.pl\/?p=847"},"modified":"2018-06-05T12:23:20","modified_gmt":"2018-06-05T12:23:20","slug":"wyjazd-do-zakladu-stolarskiego-jodla","status":"publish","type":"post","link":"https:\/\/wtzkalkow-godow.pl\/?p=847","title":{"rendered":"Wyjazd do Zak\u0142adu Stolarskiego ,,Jod\u0142a&#8221;"},"content":{"rendered":"<p style=\"text-align: justify;\">W dniu 11.02.2016r. grupa 10 uczestnik\u00f3w z naszego warsztatu wzi\u0119\u0142a udzia\u0142 w wyje\u017adzie do Zak\u0142adu Stolarskiego \u201eJod\u0142a\u201d Marian Moco\u0144 w Serwisie ko\u0142o Rudek. Zwiedzanie zak\u0142adu odby\u0142o si\u0119 w ramach zaj\u0119\u0107 terapeutycznych prowadzonych w pracowniach: sztuki u\u017cytkowej i marketingu oraz stolarskiej. W\u0142a\u015bciciel zak\u0142adu zapozna\u0142 nas z procesem produkcji sto\u0142\u00f3w rozk\u0142adanych, pocz\u0105wszy od pozyskania desek w tartaku, suszenie materia\u0142u, wytwarzanie element\u00f3w, monta\u017c i sk\u0142adowanie gotowych wyrob\u00f3w.<br \/>\nLista uczestnik\u00f3w bior\u0105cych udzia\u0142 w wyje\u017adzie:\u00a0 Krzysztof Jagu\u015b, Marcin Wojton, Jakub Stasza\u0142ek, Mariusz Nowak,\u00a0 Grzegorz Lipa, Piotr Dyk,\u00a0 Ewa Lipiec, Wioleta Kulik, Dawid Hert,\u00a0 Andrzej Plewa<br \/>\nOpiekunowie: Agnieszka Pawelec i Andrzej Amborski<\/p>\n<p style=\"text-align: justify;\"><a href=\"http:\/\/wtzkalkow-godow.pl\/wp-content\/uploads\/2017\/03\/DSC_0949.jpg\"><img loading=\"lazy\" class=\"alignleft size-medium wp-image-1129\" src=\"http:\/\/wtzkalkow-godow.pl\/wp-content\/uploads\/2017\/03\/DSC_0949-300x200.jpg\" alt=\"\" width=\"300\" height=\"200\" srcset=\"https:\/\/wtzkalkow-godow.pl\/wp-content\/uploads\/2017\/03\/DSC_0949-300x200.jpg 300w, https:\/\/wtzkalkow-godow.pl\/wp-content\/uploads\/2017\/03\/DSC_0949-768x512.jpg 768w, https:\/\/wtzkalkow-godow.pl\/wp-content\/uploads\/2017\/03\/DSC_0949-1024x683.jpg 1024w\" sizes=\"(max-width: 300px) 100vw, 300px\" \/><\/a> <a href=\"http:\/\/wtzkalkow-godow.pl\/wp-content\/uploads\/2017\/03\/DSC_0954.jpg\"><img loading=\"lazy\" class=\"alignleft size-medium wp-image-1131\" src=\"http:\/\/wtzkalkow-godow.pl\/wp-content\/uploads\/2017\/03\/DSC_0954-300x200.jpg\" alt=\"\" width=\"300\" height=\"200\" srcset=\"https:\/\/wtzkalkow-godow.pl\/wp-content\/uploads\/2017\/03\/DSC_0954-300x200.jpg 300w, https:\/\/wtzkalkow-godow.pl\/wp-content\/uploads\/2017\/03\/DSC_0954-768x512.jpg 768w, https:\/\/wtzkalkow-godow.pl\/wp-content\/uploads\/2017\/03\/DSC_0954-1024x683.jpg 1024w\" sizes=\"(max-width: 300px) 100vw, 300px\" \/><\/a><\/p>\n","protected":false},"excerpt":{"rendered":"<p>W dniu 11.02.2016r. grupa 10 uczestnik\u00f3w z naszego warsztatu wzi\u0119\u0142a udzia\u0142 w wyje\u017adzie do Zak\u0142adu Stolarskiego \u201eJod\u0142a\u201d Marian Moco\u0144 w Serwisie ko\u0142o Rudek. Zwiedzanie zak\u0142adu<\/p>\n","protected":false},"author":1,"featured_media":1130,"comment_status":"open","ping_status":"open","sticky":false,"template":"","format":"standard","meta":[],"categories":[1],"tags":[],"_links":{"self":[{"href":"https:\/\/wtzkalkow-godow.pl\/index.php?rest_route=\/wp\/v2\/posts\/847"}],"collection":[{"href":"https:\/\/wtzkalkow-godow.pl\/index.php?rest_route=\/wp\/v2\/posts"}],"about":[{"href":"https:\/\/wtzkalkow-godow.pl\/index.php?rest_route=\/wp\/v2\/types\/post"}],"author":[{"embeddable":true,"href":"https:\/\/wtzkalkow-godow.pl\/index.php?rest_route=\/wp\/v2\/users\/1"}],"replies":[{"embeddable":true,"href":"https:\/\/wtzkalkow-godow.pl\/index.php?rest_route=%2Fwp%2Fv2%2Fcomments&post=847"}],"version-history":[{"count":4,"href":"https:\/\/wtzkalkow-godow.pl\/index.php?rest_route=\/wp\/v2\/posts\/847\/revisions"}],"predecessor-version":[{"id":1572,"href":"https:\/\/wtzkalkow-godow.pl\/index.php?rest_route=\/wp\/v2\/posts\/847\/revisions\/1572"}],"wp:featuredmedia":[{"embeddable":true,"href":"https:\/\/wtzkalkow-godow.pl\/index.php?rest_route=\/wp\/v2\/media\/1130"}],"wp:attachment":[{"href":"https:\/\/wtzkalkow-godow.pl\/index.php?rest_route=%2Fwp%2Fv2%2Fmedia&parent=847"}],"wp:term":[{"taxonomy":"category","embeddable":true,"href":"https:\/\/wtzkalkow-godow.pl\/index.php?rest_route=%2Fwp%2Fv2%2Fcategories&post=847"},{"taxonomy":"post_tag","embeddable":true,"href":"https:\/\/wtzkalkow-godow.pl\/index.php?rest_route=%2Fwp%2Fv2%2Ftags&post=847"}],"curies":[{"name":"wp","href":"https:\/\/api.w.org\/{rel}","templated":true}]}}