{"id":949,"date":"2016-06-20T06:25:16","date_gmt":"2016-06-20T06:25:16","guid":{"rendered":"http:\/\/wtzkalkow-godow.pl\/?p=949"},"modified":"2018-06-05T11:11:20","modified_gmt":"2018-06-05T11:11:20","slug":"spotkanie-integracyjne-2","status":"publish","type":"post","link":"https:\/\/wtzkalkow-godow.pl\/?p=949","title":{"rendered":"Spotkanie integracyjne"},"content":{"rendered":"<p style=\"text-align: justify;\">W dniu 15. 06. 2016r. odby\u0142o si\u0119 spotkanie integracyjne z uczniami ze Szko\u0142y Podstawowej w Godowie. Spotkanie mia\u0142o na celu prze\u0142amanie barier i l\u0119ku mi\u0119dzy osobami pe\u0142nosprawnymi i niepe\u0142nosprawnymi, jak r\u00f3wnie\u017c kszta\u0142towanie pozytywnej postawy w stosunku do os\u00f3b niepe\u0142nosprawnych.\u00a0Uczniowie zostali zapoznani z dzia\u0142alno\u015bci\u0105 Warsztatu, podopiecznymi oraz zdobyli wiedz\u0119 na temat rodzaj\u00f3w niepe\u0142nosprawno\u015bci.\u00a0Grupa uczni\u00f3w wzi\u0119\u0142a r\u00f3wnie\u017c udzia\u0142 w zaj\u0119ciach manualnych na pracowni r\u0119kodzielnictwa oraz zdobnictwa. Dzieci wykonywa\u0142y figurki z siana oraz \u00a0z masy solnej.\u00a0Organizatorem spotkania by\u0142a pani pedagog &#8211;\u00a0 Ma\u0142gorzata Mikos.<\/p>\n<p style=\"text-align: justify;\"><a href=\"http:\/\/wtzkalkow-godow.pl\/wp-content\/uploads\/2016\/06\/DSC_1033.jpg\"><img loading=\"lazy\" class=\"alignleft size-medium wp-image-958\" src=\"http:\/\/wtzkalkow-godow.pl\/wp-content\/uploads\/2016\/06\/DSC_1033-300x200.jpg\" alt=\"\" width=\"300\" height=\"200\" srcset=\"https:\/\/wtzkalkow-godow.pl\/wp-content\/uploads\/2016\/06\/DSC_1033-300x200.jpg 300w, https:\/\/wtzkalkow-godow.pl\/wp-content\/uploads\/2016\/06\/DSC_1033.jpg 640w\" sizes=\"(max-width: 300px) 100vw, 300px\" \/><\/a> <a href=\"http:\/\/wtzkalkow-godow.pl\/wp-content\/uploads\/2016\/06\/DSC_1026.jpg\"><img loading=\"lazy\" class=\"alignleft size-medium wp-image-957\" src=\"http:\/\/wtzkalkow-godow.pl\/wp-content\/uploads\/2016\/06\/DSC_1026-300x200.jpg\" alt=\"\" width=\"300\" height=\"200\" srcset=\"https:\/\/wtzkalkow-godow.pl\/wp-content\/uploads\/2016\/06\/DSC_1026-300x200.jpg 300w, https:\/\/wtzkalkow-godow.pl\/wp-content\/uploads\/2016\/06\/DSC_1026.jpg 640w\" sizes=\"(max-width: 300px) 100vw, 300px\" \/><\/a> <a href=\"http:\/\/wtzkalkow-godow.pl\/wp-content\/uploads\/2016\/06\/DSC_0088.jpg\"><img loading=\"lazy\" class=\"alignleft size-medium wp-image-956\" src=\"http:\/\/wtzkalkow-godow.pl\/wp-content\/uploads\/2016\/06\/DSC_0088-300x200.jpg\" alt=\"\" width=\"300\" height=\"200\" srcset=\"https:\/\/wtzkalkow-godow.pl\/wp-content\/uploads\/2016\/06\/DSC_0088-300x200.jpg 300w, https:\/\/wtzkalkow-godow.pl\/wp-content\/uploads\/2016\/06\/DSC_0088.jpg 640w\" sizes=\"(max-width: 300px) 100vw, 300px\" \/><\/a> <a href=\"http:\/\/wtzkalkow-godow.pl\/wp-content\/uploads\/2016\/06\/DSC_0086.jpg\"><img loading=\"lazy\" class=\"alignleft size-medium wp-image-955\" src=\"http:\/\/wtzkalkow-godow.pl\/wp-content\/uploads\/2016\/06\/DSC_0086-300x200.jpg\" alt=\"\" width=\"300\" height=\"200\" srcset=\"https:\/\/wtzkalkow-godow.pl\/wp-content\/uploads\/2016\/06\/DSC_0086-300x200.jpg 300w, https:\/\/wtzkalkow-godow.pl\/wp-content\/uploads\/2016\/06\/DSC_0086.jpg 640w\" sizes=\"(max-width: 300px) 100vw, 300px\" \/><\/a> <a href=\"http:\/\/wtzkalkow-godow.pl\/wp-content\/uploads\/2016\/06\/DSC_0061.jpg\"><img loading=\"lazy\" class=\"alignleft size-medium wp-image-953\" src=\"http:\/\/wtzkalkow-godow.pl\/wp-content\/uploads\/2016\/06\/DSC_0061-300x200.jpg\" alt=\"\" width=\"300\" height=\"200\" srcset=\"https:\/\/wtzkalkow-godow.pl\/wp-content\/uploads\/2016\/06\/DSC_0061-300x200.jpg 300w, https:\/\/wtzkalkow-godow.pl\/wp-content\/uploads\/2016\/06\/DSC_0061.jpg 640w\" sizes=\"(max-width: 300px) 100vw, 300px\" \/><\/a> <a href=\"http:\/\/wtzkalkow-godow.pl\/wp-content\/uploads\/2016\/06\/DSC_0058.jpg\"><img loading=\"lazy\" class=\"alignleft size-medium wp-image-952\" src=\"http:\/\/wtzkalkow-godow.pl\/wp-content\/uploads\/2016\/06\/DSC_0058-300x200.jpg\" alt=\"\" width=\"300\" height=\"200\" srcset=\"https:\/\/wtzkalkow-godow.pl\/wp-content\/uploads\/2016\/06\/DSC_0058-300x200.jpg 300w, https:\/\/wtzkalkow-godow.pl\/wp-content\/uploads\/2016\/06\/DSC_0058.jpg 640w\" sizes=\"(max-width: 300px) 100vw, 300px\" \/><\/a> <a href=\"http:\/\/wtzkalkow-godow.pl\/wp-content\/uploads\/2016\/06\/DSC_0055.jpg\"><img loading=\"lazy\" class=\"alignleft size-medium wp-image-951\" src=\"http:\/\/wtzkalkow-godow.pl\/wp-content\/uploads\/2016\/06\/DSC_0055-300x200.jpg\" alt=\"\" width=\"300\" height=\"200\" srcset=\"https:\/\/wtzkalkow-godow.pl\/wp-content\/uploads\/2016\/06\/DSC_0055-300x200.jpg 300w, https:\/\/wtzkalkow-godow.pl\/wp-content\/uploads\/2016\/06\/DSC_0055-768x512.jpg 768w, https:\/\/wtzkalkow-godow.pl\/wp-content\/uploads\/2016\/06\/DSC_0055-1024x683.jpg 1024w\" sizes=\"(max-width: 300px) 100vw, 300px\" \/><\/a> <a href=\"http:\/\/wtzkalkow-godow.pl\/wp-content\/uploads\/2016\/06\/DSC_0078.jpg\"><img loading=\"lazy\" class=\"alignleft size-medium wp-image-954\" src=\"http:\/\/wtzkalkow-godow.pl\/wp-content\/uploads\/2016\/06\/DSC_0078-300x200.jpg\" alt=\"\" width=\"300\" height=\"200\" srcset=\"https:\/\/wtzkalkow-godow.pl\/wp-content\/uploads\/2016\/06\/DSC_0078-300x200.jpg 300w, https:\/\/wtzkalkow-godow.pl\/wp-content\/uploads\/2016\/06\/DSC_0078.jpg 640w\" sizes=\"(max-width: 300px) 100vw, 300px\" \/><\/a><\/p>\n","protected":false},"excerpt":{"rendered":"<p>W dniu 15. 06. 2016r. odby\u0142o si\u0119 spotkanie integracyjne z uczniami ze Szko\u0142y Podstawowej w Godowie. Spotkanie mia\u0142o na celu prze\u0142amanie barier i l\u0119ku mi\u0119dzy<\/p>\n","protected":false},"author":1,"featured_media":959,"comment_status":"open","ping_status":"open","sticky":false,"template":"","format":"standard","meta":[],"categories":[1],"tags":[],"_links":{"self":[{"href":"https:\/\/wtzkalkow-godow.pl\/index.php?rest_route=\/wp\/v2\/posts\/949"}],"collection":[{"href":"https:\/\/wtzkalkow-godow.pl\/index.php?rest_route=\/wp\/v2\/posts"}],"about":[{"href":"https:\/\/wtzkalkow-godow.pl\/index.php?rest_route=\/wp\/v2\/types\/post"}],"author":[{"embeddable":true,"href":"https:\/\/wtzkalkow-godow.pl\/index.php?rest_route=\/wp\/v2\/users\/1"}],"replies":[{"embeddable":true,"href":"https:\/\/wtzkalkow-godow.pl\/index.php?rest_route=%2Fwp%2Fv2%2Fcomments&post=949"}],"version-history":[{"count":3,"href":"https:\/\/wtzkalkow-godow.pl\/index.php?rest_route=\/wp\/v2\/posts\/949\/revisions"}],"predecessor-version":[{"id":1558,"href":"https:\/\/wtzkalkow-godow.pl\/index.php?rest_route=\/wp\/v2\/posts\/949\/revisions\/1558"}],"wp:featuredmedia":[{"embeddable":true,"href":"https:\/\/wtzkalkow-godow.pl\/index.php?rest_route=\/wp\/v2\/media\/959"}],"wp:attachment":[{"href":"https:\/\/wtzkalkow-godow.pl\/index.php?rest_route=%2Fwp%2Fv2%2Fmedia&parent=949"}],"wp:term":[{"taxonomy":"category","embeddable":true,"href":"https:\/\/wtzkalkow-godow.pl\/index.php?rest_route=%2Fwp%2Fv2%2Fcategories&post=949"},{"taxonomy":"post_tag","embeddable":true,"href":"https:\/\/wtzkalkow-godow.pl\/index.php?rest_route=%2Fwp%2Fv2%2Ftags&post=949"}],"curies":[{"name":"wp","href":"https:\/\/api.w.org\/{rel}","templated":true}]}}