{"id":995,"date":"2016-09-12T08:57:36","date_gmt":"2016-09-12T08:57:36","guid":{"rendered":"http:\/\/wtzkalkow-godow.pl\/?p=995"},"modified":"2018-06-05T10:52:30","modified_gmt":"2018-06-05T10:52:30","slug":"dozynki-3","status":"publish","type":"post","link":"https:\/\/wtzkalkow-godow.pl\/?p=995","title":{"rendered":"Do\u017cynki"},"content":{"rendered":"<p style=\"text-align: justify;\">W niedziel\u0119 11 wrze\u015bnia w Sanktuarium Bolesnej Kr\u00f3lowej Polski odby\u0142y si\u0119 Do\u017cynki Diecezjalne\u2013 Diecezji radomskiej oraz gminne- gminy Paw\u0142\u00f3w. Uczestnicy naszego warsztatu wzi\u0119li udzia\u0142 w do\u017cynkowym korowodzie. Msz\u0119 \u015bwi\u0119t\u0105 sprawowa\u0142 ksi\u0105dz Jaros\u0142aw Wojtkun,\u00a0 wraz z ksi\u0119dzem\u00a0 Andrzejem Rdzankiem i ksi\u0119dzem\u00a0 Andrzejem\u00a0 Bartosi\u0144skim.<\/p>\n<p style=\"text-align: justify;\"><a href=\"http:\/\/wtzkalkow-godow.pl\/wp-content\/uploads\/2016\/09\/DSC_0396-1.jpg\"><img loading=\"lazy\" class=\"alignleft size-medium wp-image-1001\" src=\"http:\/\/wtzkalkow-godow.pl\/wp-content\/uploads\/2016\/09\/DSC_0396-1-300x200.jpg\" alt=\"\" width=\"300\" height=\"200\" srcset=\"https:\/\/wtzkalkow-godow.pl\/wp-content\/uploads\/2016\/09\/DSC_0396-1-300x200.jpg 300w, https:\/\/wtzkalkow-godow.pl\/wp-content\/uploads\/2016\/09\/DSC_0396-1.jpg 640w\" sizes=\"(max-width: 300px) 100vw, 300px\" \/><\/a> <a href=\"http:\/\/wtzkalkow-godow.pl\/wp-content\/uploads\/2016\/09\/DSC_0408.jpg\"><img loading=\"lazy\" class=\"alignleft size-medium wp-image-997\" src=\"http:\/\/wtzkalkow-godow.pl\/wp-content\/uploads\/2016\/09\/DSC_0408-300x200.jpg\" alt=\"\" width=\"300\" height=\"200\" srcset=\"https:\/\/wtzkalkow-godow.pl\/wp-content\/uploads\/2016\/09\/DSC_0408-300x200.jpg 300w, https:\/\/wtzkalkow-godow.pl\/wp-content\/uploads\/2016\/09\/DSC_0408.jpg 640w\" sizes=\"(max-width: 300px) 100vw, 300px\" \/><\/a> <a href=\"http:\/\/wtzkalkow-godow.pl\/wp-content\/uploads\/2016\/09\/DSC_0387.jpg\"><img loading=\"lazy\" class=\"alignleft size-medium wp-image-998\" src=\"http:\/\/wtzkalkow-godow.pl\/wp-content\/uploads\/2016\/09\/DSC_0387-300x200.jpg\" alt=\"\" width=\"300\" height=\"200\" srcset=\"https:\/\/wtzkalkow-godow.pl\/wp-content\/uploads\/2016\/09\/DSC_0387-300x200.jpg 300w, https:\/\/wtzkalkow-godow.pl\/wp-content\/uploads\/2016\/09\/DSC_0387.jpg 640w\" sizes=\"(max-width: 300px) 100vw, 300px\" \/><\/a> <a href=\"http:\/\/wtzkalkow-godow.pl\/wp-content\/uploads\/2016\/09\/DSC_0396.jpg\"><img loading=\"lazy\" class=\"alignleft size-medium wp-image-999\" src=\"http:\/\/wtzkalkow-godow.pl\/wp-content\/uploads\/2016\/09\/DSC_0396-300x200.jpg\" alt=\"\" width=\"300\" height=\"200\" srcset=\"https:\/\/wtzkalkow-godow.pl\/wp-content\/uploads\/2016\/09\/DSC_0396-300x200.jpg 300w, https:\/\/wtzkalkow-godow.pl\/wp-content\/uploads\/2016\/09\/DSC_0396.jpg 640w\" sizes=\"(max-width: 300px) 100vw, 300px\" \/><\/a> <a href=\"http:\/\/wtzkalkow-godow.pl\/wp-content\/uploads\/2016\/09\/DSC_0383.jpg\"><img loading=\"lazy\" class=\"alignleft size-medium wp-image-996\" src=\"http:\/\/wtzkalkow-godow.pl\/wp-content\/uploads\/2016\/09\/DSC_0383-300x200.jpg\" alt=\"\" width=\"300\" height=\"200\" srcset=\"https:\/\/wtzkalkow-godow.pl\/wp-content\/uploads\/2016\/09\/DSC_0383-300x200.jpg 300w, https:\/\/wtzkalkow-godow.pl\/wp-content\/uploads\/2016\/09\/DSC_0383.jpg 640w\" sizes=\"(max-width: 300px) 100vw, 300px\" \/><\/a> <a href=\"http:\/\/wtzkalkow-godow.pl\/wp-content\/uploads\/2016\/09\/DSC_0399.jpg\"><img loading=\"lazy\" class=\"alignleft size-medium wp-image-1002\" src=\"http:\/\/wtzkalkow-godow.pl\/wp-content\/uploads\/2016\/09\/DSC_0399-300x200.jpg\" alt=\"\" width=\"300\" height=\"200\" srcset=\"https:\/\/wtzkalkow-godow.pl\/wp-content\/uploads\/2016\/09\/DSC_0399-300x200.jpg 300w, https:\/\/wtzkalkow-godow.pl\/wp-content\/uploads\/2016\/09\/DSC_0399.jpg 640w\" sizes=\"(max-width: 300px) 100vw, 300px\" \/><\/a><\/p>\n","protected":false},"excerpt":{"rendered":"<p>W niedziel\u0119 11 wrze\u015bnia w Sanktuarium Bolesnej Kr\u00f3lowej Polski odby\u0142y si\u0119 Do\u017cynki Diecezjalne\u2013 Diecezji radomskiej oraz gminne- gminy Paw\u0142\u00f3w. Uczestnicy naszego warsztatu wzi\u0119li udzia\u0142 w<\/p>\n","protected":false},"author":1,"featured_media":1000,"comment_status":"open","ping_status":"open","sticky":false,"template":"","format":"standard","meta":[],"categories":[1],"tags":[],"_links":{"self":[{"href":"https:\/\/wtzkalkow-godow.pl\/index.php?rest_route=\/wp\/v2\/posts\/995"}],"collection":[{"href":"https:\/\/wtzkalkow-godow.pl\/index.php?rest_route=\/wp\/v2\/posts"}],"about":[{"href":"https:\/\/wtzkalkow-godow.pl\/index.php?rest_route=\/wp\/v2\/types\/post"}],"author":[{"embeddable":true,"href":"https:\/\/wtzkalkow-godow.pl\/index.php?rest_route=\/wp\/v2\/users\/1"}],"replies":[{"embeddable":true,"href":"https:\/\/wtzkalkow-godow.pl\/index.php?rest_route=%2Fwp%2Fv2%2Fcomments&post=995"}],"version-history":[{"count":3,"href":"https:\/\/wtzkalkow-godow.pl\/index.php?rest_route=\/wp\/v2\/posts\/995\/revisions"}],"predecessor-version":[{"id":1549,"href":"https:\/\/wtzkalkow-godow.pl\/index.php?rest_route=\/wp\/v2\/posts\/995\/revisions\/1549"}],"wp:featuredmedia":[{"embeddable":true,"href":"https:\/\/wtzkalkow-godow.pl\/index.php?rest_route=\/wp\/v2\/media\/1000"}],"wp:attachment":[{"href":"https:\/\/wtzkalkow-godow.pl\/index.php?rest_route=%2Fwp%2Fv2%2Fmedia&parent=995"}],"wp:term":[{"taxonomy":"category","embeddable":true,"href":"https:\/\/wtzkalkow-godow.pl\/index.php?rest_route=%2Fwp%2Fv2%2Fcategories&post=995"},{"taxonomy":"post_tag","embeddable":true,"href":"https:\/\/wtzkalkow-godow.pl\/index.php?rest_route=%2Fwp%2Fv2%2Ftags&post=995"}],"curies":[{"name":"wp","href":"https:\/\/api.w.org\/{rel}","templated":true}]}}